{"id":5217,"date":"2026-09-03T23:52:04","date_gmt":"2026-09-03T23:52:04","guid":{"rendered":"https:\/\/famatv.com.br\/?p=5217"},"modified":"2026-09-03T23:52:04","modified_gmt":"2026-09-03T23:52:04","slug":"lito-sousa-recebe-alta-hospitalar-e-passa-a-seguir-cuidados-paliativos-ao-lado-da-familia","status":"publish","type":"post","link":"https:\/\/famatv.com.br\/index.php\/2026\/09\/03\/lito-sousa-recebe-alta-hospitalar-e-passa-a-seguir-cuidados-paliativos-ao-lado-da-familia\/","title":{"rendered":"Lito Sousa recebe alta hospitalar e passa a seguir cuidados paliativos ao lado da fam\u00edlia"},"content":{"rendered":"<p>Lito Sousa deixou o hospital nesta ter\u00e7a-feira (1\u00ba\/9) e iniciou uma nova etapa no tratamento contra a doen\u00e7a de Creutzfeldt-Jakob. O mec\u00e2nico de aeronaves e influenciador continuar\u00e1 recebendo cuidados paliativos em casa, conforme informou sua esposa, Mila Seidl, ao Splash.<\/p>\n<p>Conhecido pelo canal \u201cAvi\u00f5es e M\u00fasica\u201d, Lito foi internado ap\u00f3s receber o diagn\u00f3stico de uma condi\u00e7\u00e3o neurol\u00f3gica rara e de evolu\u00e7\u00e3o r\u00e1pida. Desde ent\u00e3o, familiares e seguidores passaram a acompanhar com aten\u00e7\u00e3o as atualiza\u00e7\u00f5es sobre seu estado de sa\u00fade.<\/p>\n<p>Com a sa\u00edda do hospital, a fam\u00edlia optou por dar continuidade \u00e0 assist\u00eancia no ambiente dom\u00e9stico. A mudan\u00e7a permite que Lito permane\u00e7a pr\u00f3ximo dos familiares enquanto recebe os cuidados necess\u00e1rios para o controle dos sintomas e para o conforto durante o tratamento.<\/p>\n<p>A doen\u00e7a de Creutzfeldt-Jakob afeta o sistema nervoso e est\u00e1 associada a uma r\u00e1pida progress\u00e3o de altera\u00e7\u00f5es neurol\u00f3gicas. Por se tratar de uma enfermidade rara, o acompanhamento m\u00e9dico \u00e9 essencial para avaliar a evolu\u00e7\u00e3o do quadro e definir as medidas adequadas para cada paciente.<\/p>\n<p>Os cuidados paliativos t\u00eam como foco principal o conforto e a qualidade de vida. A abordagem pode envolver diferentes profissionais de sa\u00fade e busca controlar sintomas f\u00edsicos, al\u00e9m de oferecer suporte emocional ao paciente e aos familiares.<\/p>\n<p>A fam\u00edlia de Lito vem acompanhando de perto todo o processo. Mila tem sido uma das principais fontes de informa\u00e7\u00e3o sobre a situa\u00e7\u00e3o do marido e confirmou a mudan\u00e7a do hospital para casa.<\/p>\n<p>Antes da interna\u00e7\u00e3o, Lito j\u00e1 havia compartilhado informa\u00e7\u00f5es sobre o diagn\u00f3stico com seus seguidores. Mesmo diante da gravidade da doen\u00e7a, o influenciador procurou manter uma postura de esperan\u00e7a e chegou a afirmar que n\u00e3o percebia perda de cogni\u00e7\u00e3o naquele momento.<\/p>\n<p>A not\u00edcia tamb\u00e9m mobilizou pessoas que acompanham o trabalho do mec\u00e2nico h\u00e1 anos. Por meio do \u201cAvi\u00f5es e M\u00fasica\u201d, Lito conquistou um p\u00fablico interessado em avia\u00e7\u00e3o e transformou sua experi\u00eancia profissional em conte\u00fado para as redes sociais.<\/p>\n<p>Sua trajet\u00f3ria como mec\u00e2nico de aeronaves fez com que ele se tornasse uma figura conhecida entre os apaixonados pelo setor. Os conte\u00fados publicados ao longo dos anos abordaram diferentes aspectos da avia\u00e7\u00e3o e aproximaram o p\u00fablico dos bastidores da profiss\u00e3o.<\/p>\n<p>Agora, a rotina do influenciador passa por uma transforma\u00e7\u00e3o. A prioridade deixou de ser a produ\u00e7\u00e3o de conte\u00fado e passou a ser o acompanhamento da sa\u00fade e o conforto durante o tratamento.<\/p>\n<p>A decis\u00e3o de continuar os cuidados em casa tamb\u00e9m permite que Lito esteja cercado por pessoas pr\u00f3ximas. Para a fam\u00edlia, esse per\u00edodo exige aten\u00e7\u00e3o constante e adapta\u00e7\u00e3o da rotina \u00e0s necessidades apresentadas pelo quadro cl\u00ednico.<\/p>\n<p>Desde a descoberta da doen\u00e7a, seguidores t\u00eam enviado mensagens de apoio ao influenciador e aos familiares. A repercuss\u00e3o demonstra o v\u00ednculo constru\u00eddo por Lito com o p\u00fablico ao longo de sua trajet\u00f3ria profissional e digital.<\/p>\n<p>Embora a condi\u00e7\u00e3o seja considerada grave e tenha evolu\u00e7\u00e3o r\u00e1pida, cada caso possui caracter\u00edsticas pr\u00f3prias. Por isso, a evolu\u00e7\u00e3o de Lito continua sendo acompanhada pelos profissionais respons\u00e1veis pelo atendimento.<\/p>\n<p>Neste momento, a fam\u00edlia mant\u00e9m o foco nos cuidados e no bem-estar do influenciador. A sa\u00edda do hospital representa o in\u00edcio de uma fase diferente, agora com o tratamento paliativo sendo realizado em casa e com a presen\u00e7a mais pr\u00f3xima dos familiares.<\/p>\n<p>Lito segue, assim, cercado pelo apoio daqueles que o acompanham dentro e fora das redes sociais. A fam\u00edlia continua concentrada em oferecer assist\u00eancia e conforto durante o enfrentamento da doen\u00e7a.<\/p>\n<p><\/p>\n","protected":false},"excerpt":{"rendered":"<p>Lito Sousa deixou o hospital nesta ter\u00e7a-feira (1\u00ba\/9) e iniciou uma nova etapa no tratamento contra a doen\u00e7a de Creutzfeldt-Jakob. O mec\u00e2nico de aeronaves e influenciador continuar\u00e1 recebendo cuidados paliativos em casa, conforme informou sua esposa, Mila Seidl, ao Splash. Conhecido pelo canal \u201cAvi\u00f5es e M\u00fasica\u201d, Lito foi internado ap\u00f3s receber o diagn\u00f3stico de uma [\u2026]<\/p>\n","protected":false},"author":2,"featured_media":5216,"comment_status":"closed","ping_status":"open","sticky":false,"template":"","format":"standard","meta":{"footnotes":""},"categories":[32],"tags":[],"class_list":["post-5217","post","type-post","status-publish","format-standard","has-post-thumbnail","hentry","category-famosos"],"featured_image_urls":{"full":["https:\/\/famatv.com.br\/wp-content\/uploads\/2026\/09\/lito-sousa.jpg",1200,900,false],"thumbnail":["https:\/\/famatv.com.br\/wp-content\/uploads\/2026\/09\/lito-sousa-150x150.jpg",150,150,true],"medium":["https:\/\/famatv.com.br\/wp-content\/uploads\/2026\/09\/lito-sousa-300x225.jpg",300,225,true],"medium_large":["https:\/\/famatv.com.br\/wp-content\/uploads\/2026\/09\/lito-sousa-768x576.jpg",640,480,true],"large":["https:\/\/famatv.com.br\/wp-content\/uploads\/2026\/09\/lito-sousa-1024x768.jpg",640,480,true],"1536x1536":["https:\/\/famatv.com.br\/wp-content\/uploads\/2026\/09\/lito-sousa.jpg",1200,900,false],"2048x2048":["https:\/\/famatv.com.br\/wp-content\/uploads\/2026\/09\/lito-sousa.jpg",1200,900,false]},"author_info":{"info":["assessoriadefamosos"]},"category_info":"<a href=\"https:\/\/famatv.com.br\/index.php\/category\/famosos\/\" rel=\"category tag\">Famosos<\/a>","tag_info":"Famosos","comment_count":"0","_links":{"self":[{"href":"https:\/\/famatv.com.br\/index.php\/wp-json\/wp\/v2\/posts\/5217","targetHints":{"allow":["GET"]}}],"collection":[{"href":"https:\/\/famatv.com.br\/index.php\/wp-json\/wp\/v2\/posts"}],"about":[{"href":"https:\/\/famatv.com.br\/index.php\/wp-json\/wp\/v2\/types\/post"}],"author":[{"embeddable":true,"href":"https:\/\/famatv.com.br\/index.php\/wp-json\/wp\/v2\/users\/2"}],"replies":[{"embeddable":true,"href":"https:\/\/famatv.com.br\/index.php\/wp-json\/wp\/v2\/comments?post=5217"}],"version-history":[{"count":1,"href":"https:\/\/famatv.com.br\/index.php\/wp-json\/wp\/v2\/posts\/5217\/revisions"}],"predecessor-version":[{"id":5218,"href":"https:\/\/famatv.com.br\/index.php\/wp-json\/wp\/v2\/posts\/5217\/revisions\/5218"}],"wp:featuredmedia":[{"embeddable":true,"href":"https:\/\/famatv.com.br\/index.php\/wp-json\/wp\/v2\/media\/5216"}],"wp:attachment":[{"href":"https:\/\/famatv.com.br\/index.php\/wp-json\/wp\/v2\/media?parent=5217"}],"wp:term":[{"taxonomy":"category","embeddable":true,"href":"https:\/\/famatv.com.br\/index.php\/wp-json\/wp\/v2\/categories?post=5217"},{"taxonomy":"post_tag","embeddable":true,"href":"https:\/\/famatv.com.br\/index.php\/wp-json\/wp\/v2\/tags?post=5217"}],"curies":[{"name":"wp","href":"https:\/\/api.w.org\/{rel}","templated":true}]}}