{"id":5220,"date":"2026-09-04T21:05:05","date_gmt":"2026-09-04T21:05:05","guid":{"rendered":"https:\/\/famatv.com.br\/?p=5220"},"modified":"2026-09-04T21:05:05","modified_gmt":"2026-09-04T21:05:05","slug":"vida-e-morte-de-pc-siqueira-serao-tema-de-serie-documental","status":"publish","type":"post","link":"https:\/\/famatv.com.br\/index.php\/2026\/09\/04\/vida-e-morte-de-pc-siqueira-serao-tema-de-serie-documental\/","title":{"rendered":"Vida e morte de PC Siqueira ser\u00e3o tema de s\u00e9rie documental"},"content":{"rendered":"<p>A trajet\u00f3ria de PC Siqueira, um dos primeiros grandes nomes do YouTube brasileiro, ser\u00e1 transformada em s\u00e9rie documental. A produ\u00e7\u00e3o pretende revisitar momentos marcantes da vida do influenciador, desde o in\u00edcio da carreira na internet at\u00e9 as pol\u00eamicas que mudaram sua rela\u00e7\u00e3o com o p\u00fablico e os acontecimentos que antecederam sua morte.<\/p>\n<p>PC ganhou notoriedade em uma \u00e9poca em que a produ\u00e7\u00e3o de v\u00eddeos para a internet ainda come\u00e7ava a conquistar espa\u00e7o no Brasil. Com uma comunica\u00e7\u00e3o espont\u00e2nea e um estilo diferente do que era visto na televis\u00e3o, ele rapidamente construiu uma comunidade de seguidores e se tornou refer\u00eancia entre os primeiros criadores de conte\u00fado do pa\u00eds.<\/p>\n<p>O crescimento na internet abriu novas oportunidades profissionais. PC tamb\u00e9m passou pela televis\u00e3o e participou de diferentes projetos ligados ao entretenimento, consolidando uma carreira que ultrapassou os limites do YouTube.<\/p>\n<p>A s\u00e9rie dever\u00e1 mostrar tamb\u00e9m o outro lado dessa ascens\u00e3o. Conforme sua popularidade aumentou, o influenciador passou a enfrentar uma exposi\u00e7\u00e3o cada vez maior e, posteriormente, per\u00edodos marcados por cr\u00edticas e controv\u00e9rsias.<\/p>\n<p>Entre os epis\u00f3dios que devem ser revisitados est\u00e1 a investiga\u00e7\u00e3o iniciada em 2020. O caso teve grande repercuss\u00e3o na \u00e9poca e provocou mudan\u00e7as importantes na vida pessoal e profissional do youtuber.<\/p>\n<p>A proposta da produ\u00e7\u00e3o \u00e9 contextualizar os acontecimentos e mostrar os impactos que eles tiveram sobre PC, evitando tratar os epis\u00f3dios de forma isolada. A inten\u00e7\u00e3o \u00e9 reconstruir a trajet\u00f3ria do influenciador e as transforma\u00e7\u00f5es pelas quais passou ao longo dos anos.<\/p>\n<p>Outro ponto importante ser\u00e1 a morte de PC Siqueira. Ele foi encontrado morto em 27 de dezembro de 2023, aos 37 anos, no apartamento onde vivia, em Santo Amaro, na zona sul de S\u00e3o Paulo.<\/p>\n<p>A investiga\u00e7\u00e3o policial concluiu o caso apontando suic\u00eddio. Mesmo ap\u00f3s a conclus\u00e3o do inqu\u00e9rito, por\u00e9m, o epis\u00f3dio continuou despertando interesse p\u00fablico e sendo discutido diante das circunst\u00e2ncias que cercaram os \u00faltimos anos da vida do influenciador.<\/p>\n<p>A produ\u00e7\u00e3o dever\u00e1 abordar justamente esse per\u00edodo final, buscando apresentar os acontecimentos que antecederam a morte e as diferentes fases enfrentadas por PC.<\/p>\n<p>O document\u00e1rio tamb\u00e9m ter\u00e1 como pano de fundo a transforma\u00e7\u00e3o do pr\u00f3prio mercado digital. Quando PC come\u00e7ou a publicar v\u00eddeos, a profiss\u00e3o de criador de conte\u00fado ainda estava longe de possuir a estrutura e o alcance atuais.<\/p>\n<p>Ele fez parte de uma gera\u00e7\u00e3o que ajudou a estabelecer novos formatos de comunica\u00e7\u00e3o e entretenimento na internet. Seu trabalho influenciou outros produtores e acompanhou uma \u00e9poca em que o YouTube passou a ocupar um espa\u00e7o cada vez maior na rotina dos brasileiros.<\/p>\n<p>A trajet\u00f3ria de PC, entretanto, tamb\u00e9m exp\u00f5e os efeitos da fama nas redes sociais. O mesmo ambiente que possibilitou sua ascens\u00e3o tornou-se palco para cr\u00edticas, julgamentos e discuss\u00f5es que passaram a fazer parte de sua vida p\u00fablica.<\/p>\n<p>A s\u00e9rie dever\u00e1 reunir imagens de arquivo, registros da carreira e informa\u00e7\u00f5es sobre os epis\u00f3dios que marcaram essa trajet\u00f3ria. A ideia \u00e9 apresentar uma vis\u00e3o mais ampla sobre o influenciador e sobre o contexto em que ele se tornou conhecido.<\/p>\n<p>Com isso, a produ\u00e7\u00e3o pretende contar n\u00e3o apenas a hist\u00f3ria de uma personalidade da internet, mas tamb\u00e9m recuperar um per\u00edodo importante da cultura digital brasileira.<\/p>\n<p>PC Siqueira deixou uma marca na primeira gera\u00e7\u00e3o de influenciadores do pa\u00eds. Sua ascens\u00e3o, passagem pela televis\u00e3o, per\u00edodo de controv\u00e9rsias e os acontecimentos que antecederam sua morte agora ser\u00e3o revisitados em uma produ\u00e7\u00e3o que promete colocar novamente sua trajet\u00f3ria em discuss\u00e3o.<\/p>\n<p><\/p>\n","protected":false},"excerpt":{"rendered":"<p>A trajet\u00f3ria de PC Siqueira, um dos primeiros grandes nomes do YouTube brasileiro, ser\u00e1 transformada em s\u00e9rie documental. A produ\u00e7\u00e3o pretende revisitar momentos marcantes da vida do influenciador, desde o in\u00edcio da carreira na internet at\u00e9 as pol\u00eamicas que mudaram sua rela\u00e7\u00e3o com o p\u00fablico e os acontecimentos que antecederam sua morte. PC ganhou notoriedade [\u2026]<\/p>\n","protected":false},"author":2,"featured_media":5219,"comment_status":"closed","ping_status":"open","sticky":false,"template":"","format":"standard","meta":{"footnotes":""},"categories":[32],"tags":[],"class_list":["post-5220","post","type-post","status-publish","format-standard","has-post-thumbnail","hentry","category-famosos"],"featured_image_urls":{"full":["https:\/\/famatv.com.br\/wp-content\/uploads\/2026\/09\/aarpWlAb-Padrao-para-Portal-LeoDias-1-1.jpg",1200,900,false],"thumbnail":["https:\/\/famatv.com.br\/wp-content\/uploads\/2026\/09\/aarpWlAb-Padrao-para-Portal-LeoDias-1-1-150x150.jpg",150,150,true],"medium":["https:\/\/famatv.com.br\/wp-content\/uploads\/2026\/09\/aarpWlAb-Padrao-para-Portal-LeoDias-1-1-300x225.jpg",300,225,true],"medium_large":["https:\/\/famatv.com.br\/wp-content\/uploads\/2026\/09\/aarpWlAb-Padrao-para-Portal-LeoDias-1-1-768x576.jpg",640,480,true],"large":["https:\/\/famatv.com.br\/wp-content\/uploads\/2026\/09\/aarpWlAb-Padrao-para-Portal-LeoDias-1-1-1024x768.jpg",640,480,true],"1536x1536":["https:\/\/famatv.com.br\/wp-content\/uploads\/2026\/09\/aarpWlAb-Padrao-para-Portal-LeoDias-1-1.jpg",1200,900,false],"2048x2048":["https:\/\/famatv.com.br\/wp-content\/uploads\/2026\/09\/aarpWlAb-Padrao-para-Portal-LeoDias-1-1.jpg",1200,900,false]},"author_info":{"info":["assessoriadefamosos"]},"category_info":"<a href=\"https:\/\/famatv.com.br\/index.php\/category\/famosos\/\" rel=\"category tag\">Famosos<\/a>","tag_info":"Famosos","comment_count":"0","_links":{"self":[{"href":"https:\/\/famatv.com.br\/index.php\/wp-json\/wp\/v2\/posts\/5220","targetHints":{"allow":["GET"]}}],"collection":[{"href":"https:\/\/famatv.com.br\/index.php\/wp-json\/wp\/v2\/posts"}],"about":[{"href":"https:\/\/famatv.com.br\/index.php\/wp-json\/wp\/v2\/types\/post"}],"author":[{"embeddable":true,"href":"https:\/\/famatv.com.br\/index.php\/wp-json\/wp\/v2\/users\/2"}],"replies":[{"embeddable":true,"href":"https:\/\/famatv.com.br\/index.php\/wp-json\/wp\/v2\/comments?post=5220"}],"version-history":[{"count":1,"href":"https:\/\/famatv.com.br\/index.php\/wp-json\/wp\/v2\/posts\/5220\/revisions"}],"predecessor-version":[{"id":5221,"href":"https:\/\/famatv.com.br\/index.php\/wp-json\/wp\/v2\/posts\/5220\/revisions\/5221"}],"wp:featuredmedia":[{"embeddable":true,"href":"https:\/\/famatv.com.br\/index.php\/wp-json\/wp\/v2\/media\/5219"}],"wp:attachment":[{"href":"https:\/\/famatv.com.br\/index.php\/wp-json\/wp\/v2\/media?parent=5220"}],"wp:term":[{"taxonomy":"category","embeddable":true,"href":"https:\/\/famatv.com.br\/index.php\/wp-json\/wp\/v2\/categories?post=5220"},{"taxonomy":"post_tag","embeddable":true,"href":"https:\/\/famatv.com.br\/index.php\/wp-json\/wp\/v2\/tags?post=5220"}],"curies":[{"name":"wp","href":"https:\/\/api.w.org\/{rel}","templated":true}]}}