{"id":5226,"date":"2026-09-04T21:11:11","date_gmt":"2026-09-04T21:11:11","guid":{"rendered":"https:\/\/famatv.com.br\/?p=5226"},"modified":"2026-09-04T21:11:11","modified_gmt":"2026-09-04T21:11:11","slug":"poliana-rocha-celebra-visita-de-joao-guilherme-a-casa-de-leonardo-em-goiania","status":"publish","type":"post","link":"https:\/\/famatv.com.br\/index.php\/2026\/09\/04\/poliana-rocha-celebra-visita-de-joao-guilherme-a-casa-de-leonardo-em-goiania\/","title":{"rendered":"Poliana Rocha celebra visita de Jo\u00e3o Guilherme \u00e0 casa de Leonardo em Goi\u00e2nia"},"content":{"rendered":"<p>Poliana Rocha aproveitou a visita de Jo\u00e3o Guilherme a Goi\u00e2nia para registrar um momento de carinho com o enteado. O ator esteve na casa do pai, Leonardo, nesta quarta-feira (2\/9), e participou de um almo\u00e7o em fam\u00edlia.<\/p>\n<p>Nas redes sociais, Poliana compartilhou a chegada de Jo\u00e3o e fez quest\u00e3o de demonstrar que a presen\u00e7a dele \u00e9 sempre motivo de alegria. A influenciadora tamb\u00e9m deixou claro que o enteado tem as portas abertas na resid\u00eancia.<\/p>\n<p>Em uma das mensagens publicadas por Poliana, ela refor\u00e7ou o carinho pelo ator e afirmou que a casa est\u00e1 sempre \u00e0 disposi\u00e7\u00e3o dele. \u201cA casa \u00e9 sua\u201d, declarou a influenciadora ao celebrar a passagem de Jo\u00e3o por Goi\u00e2nia.<\/p>\n<p>O encontro aconteceu de maneira simples, durante o almo\u00e7o na resid\u00eancia de Leonardo. Mesmo sem grandes produ\u00e7\u00f5es, o momento ganhou destaque pela demonstra\u00e7\u00e3o de proximidade entre Poliana e o filho do cantor.<\/p>\n<p>Jo\u00e3o Guilherme \u00e9 um dos filhos de Leonardo e costuma dividir sua rotina entre compromissos profissionais e momentos ao lado da fam\u00edlia. O ator mant\u00e9m uma carreira independente na televis\u00e3o, no cinema e em projetos digitais.<\/p>\n<p>A rela\u00e7\u00e3o entre Poliana e Jo\u00e3o tamb\u00e9m j\u00e1 foi acompanhada diversas vezes pelos seguidores da fam\u00edlia. Apesar de n\u00e3o ser m\u00e3e biol\u00f3gica do ator, ela construiu ao longo dos anos uma rela\u00e7\u00e3o de conviv\u00eancia e afeto com o enteado.<\/p>\n<p>A visita a Goi\u00e2nia proporcionou justamente uma oportunidade para os dois passarem um tempo juntos. Poliana fez quest\u00e3o de registrar o encontro e mostrar ao p\u00fablico que a presen\u00e7a de Jo\u00e3o \u00e9 recebida com carinho.<\/p>\n<p>Leonardo, por sua vez, tamb\u00e9m mant\u00e9m uma rela\u00e7\u00e3o pr\u00f3xima com os filhos. A casa do cantor costuma ser ponto de encontro da fam\u00edlia, especialmente em momentos de descanso e confraterniza\u00e7\u00e3o.<\/p>\n<p>A mensagem de Poliana chamou aten\u00e7\u00e3o pelo tom acolhedor. Ao dizer que \u201ca casa \u00e9 sua\u201d, ela refor\u00e7ou que Jo\u00e3o pode contar com aquele espa\u00e7o sempre que estiver em Goi\u00e2nia.<\/p>\n<p>O encontro tamb\u00e9m mostra um lado mais familiar da rotina de Jo\u00e3o Guilherme, que frequentemente est\u00e1 envolvido com grava\u00e7\u00f5es, eventos e outros compromissos profissionais.<\/p>\n<p>Para Poliana, a visita acabou sendo uma oportunidade de celebrar a presen\u00e7a do enteado e compartilhar com os seguidores um momento de conviv\u00eancia familiar.<\/p>\n<p>Sem grandes formalidades, o almo\u00e7o reuniu pai, filho e Poliana em um ambiente reservado. O registro feito pela influenciadora mostrou que, apesar da rotina movimentada de cada um, os momentos em fam\u00edlia continuam fazendo parte do dia a dia.<\/p>\n<p>A passagem de Jo\u00e3o por Goi\u00e2nia, portanto, terminou marcada pela recep\u00e7\u00e3o carinhosa de Poliana. Mais do que uma simples visita para almo\u00e7ar, o encontro serviu para refor\u00e7ar os la\u00e7os familiares e a boa rela\u00e7\u00e3o constru\u00edda entre eles ao longo dos anos.<\/p>\n<p><\/p>\n","protected":false},"excerpt":{"rendered":"<p>Poliana Rocha aproveitou a visita de Jo\u00e3o Guilherme a Goi\u00e2nia para registrar um momento de carinho com o enteado. O ator esteve na casa do pai, Leonardo, nesta quarta-feira (2\/9), e participou de um almo\u00e7o em fam\u00edlia. Nas redes sociais, Poliana compartilhou a chegada de Jo\u00e3o e fez quest\u00e3o de demonstrar que a presen\u00e7a dele [\u2026]<\/p>\n","protected":false},"author":2,"featured_media":5225,"comment_status":"closed","ping_status":"open","sticky":false,"template":"","format":"standard","meta":{"footnotes":""},"categories":[32],"tags":[],"class_list":["post-5226","post","type-post","status-publish","format-standard","has-post-thumbnail","hentry","category-famosos"],"featured_image_urls":{"full":["https:\/\/famatv.com.br\/wp-content\/uploads\/2026\/09\/WhatsApp-Image-2026-09-03-at-12.38.44.jpeg",1200,900,false],"thumbnail":["https:\/\/famatv.com.br\/wp-content\/uploads\/2026\/09\/WhatsApp-Image-2026-09-03-at-12.38.44-150x150.jpeg",150,150,true],"medium":["https:\/\/famatv.com.br\/wp-content\/uploads\/2026\/09\/WhatsApp-Image-2026-09-03-at-12.38.44-300x225.jpeg",300,225,true],"medium_large":["https:\/\/famatv.com.br\/wp-content\/uploads\/2026\/09\/WhatsApp-Image-2026-09-03-at-12.38.44-768x576.jpeg",640,480,true],"large":["https:\/\/famatv.com.br\/wp-content\/uploads\/2026\/09\/WhatsApp-Image-2026-09-03-at-12.38.44-1024x768.jpeg",640,480,true],"1536x1536":["https:\/\/famatv.com.br\/wp-content\/uploads\/2026\/09\/WhatsApp-Image-2026-09-03-at-12.38.44.jpeg",1200,900,false],"2048x2048":["https:\/\/famatv.com.br\/wp-content\/uploads\/2026\/09\/WhatsApp-Image-2026-09-03-at-12.38.44.jpeg",1200,900,false]},"author_info":{"info":["assessoriadefamosos"]},"category_info":"<a href=\"https:\/\/famatv.com.br\/index.php\/category\/famosos\/\" rel=\"category tag\">Famosos<\/a>","tag_info":"Famosos","comment_count":"0","_links":{"self":[{"href":"https:\/\/famatv.com.br\/index.php\/wp-json\/wp\/v2\/posts\/5226","targetHints":{"allow":["GET"]}}],"collection":[{"href":"https:\/\/famatv.com.br\/index.php\/wp-json\/wp\/v2\/posts"}],"about":[{"href":"https:\/\/famatv.com.br\/index.php\/wp-json\/wp\/v2\/types\/post"}],"author":[{"embeddable":true,"href":"https:\/\/famatv.com.br\/index.php\/wp-json\/wp\/v2\/users\/2"}],"replies":[{"embeddable":true,"href":"https:\/\/famatv.com.br\/index.php\/wp-json\/wp\/v2\/comments?post=5226"}],"version-history":[{"count":1,"href":"https:\/\/famatv.com.br\/index.php\/wp-json\/wp\/v2\/posts\/5226\/revisions"}],"predecessor-version":[{"id":5227,"href":"https:\/\/famatv.com.br\/index.php\/wp-json\/wp\/v2\/posts\/5226\/revisions\/5227"}],"wp:featuredmedia":[{"embeddable":true,"href":"https:\/\/famatv.com.br\/index.php\/wp-json\/wp\/v2\/media\/5225"}],"wp:attachment":[{"href":"https:\/\/famatv.com.br\/index.php\/wp-json\/wp\/v2\/media?parent=5226"}],"wp:term":[{"taxonomy":"category","embeddable":true,"href":"https:\/\/famatv.com.br\/index.php\/wp-json\/wp\/v2\/categories?post=5226"},{"taxonomy":"post_tag","embeddable":true,"href":"https:\/\/famatv.com.br\/index.php\/wp-json\/wp\/v2\/tags?post=5226"}],"curies":[{"name":"wp","href":"https:\/\/api.w.org\/{rel}","templated":true}]}}