{"id":5229,"date":"2026-09-04T21:13:57","date_gmt":"2026-09-04T21:13:57","guid":{"rendered":"https:\/\/famatv.com.br\/?p=5229"},"modified":"2026-09-04T21:13:57","modified_gmt":"2026-09-04T21:13:57","slug":"calcinha-preta-se-despede-de-rogerio-valenca-e-relembra-outros-vocalistas-que-morreram","status":"publish","type":"post","link":"https:\/\/famatv.com.br\/index.php\/2026\/09\/04\/calcinha-preta-se-despede-de-rogerio-valenca-e-relembra-outros-vocalistas-que-morreram\/","title":{"rendered":"Calcinha Preta se despede de Rog\u00e9rio Valen\u00e7a e relembra outros vocalistas que morreram"},"content":{"rendered":"<p>A morte de Rog\u00e9rio Valen\u00e7a, aos 55 anos, voltou a chamar aten\u00e7\u00e3o para uma sequ\u00eancia de perdas que marcou a hist\u00f3ria recente da Calcinha Preta. O cantor morreu na \u00faltima segunda-feira (31\/8), em Aracaju, Sergipe, ap\u00f3s enfrentar problemas renais e permanecer em tratamento.<\/p>\n<p>Rog\u00e9rio fazia parte de uma gera\u00e7\u00e3o que ajudou a construir os primeiros cap\u00edtulos da banda. Ele integrou a Calcinha Preta entre 1998 e 2000, per\u00edodo em que o grupo come\u00e7ava a ampliar sua presen\u00e7a no cen\u00e1rio do forr\u00f3 eletr\u00f4nico.<\/p>\n<p>Nos \u00faltimos anos, outros dois nomes ligados aos vocais da banda tamb\u00e9m morreram: Sidney Chuchu, em 2021, e Paulinha Abelha, em 2022. As perdas aconteceram em um intervalo curto e deixaram uma marca profunda entre os f\u00e3s.<\/p>\n<p>Rog\u00e9rio enfrentava insufici\u00eancia renal e realizava sess\u00f5es de hemodi\u00e1lise. Segundo informa\u00e7\u00f5es divulgadas sobre o caso, ele aguardava um transplante de rim quando morreu. A not\u00edcia provocou manifesta\u00e7\u00f5es de pesar entre pessoas que acompanharam sua trajet\u00f3ria profissional.<\/p>\n<p>A passagem pela Calcinha Preta aconteceu em uma fase importante para o grupo. Entre o fim dos anos 1990 e o in\u00edcio dos anos 2000, a banda vivia um per\u00edodo de expans\u00e3o e ajudava a popularizar o forr\u00f3 eletr\u00f4nico em diferentes regi\u00f5es do pa\u00eds.<\/p>\n<p>Anos depois, a hist\u00f3ria do grupo seria marcada por outra perda significativa. Paulinha Abelha morreu em fevereiro de 2022, aos 43 anos, ap\u00f3s permanecer internada em Aracaju.<\/p>\n<p>Paulinha se tornou uma das vozes mais reconhecidas da Calcinha Preta e construiu uma forte liga\u00e7\u00e3o com o p\u00fablico. Sua presen\u00e7a nos palcos e a participa\u00e7\u00e3o em m\u00fasicas que fizeram sucesso ajudaram a transformar seu nome em uma refer\u00eancia dentro do g\u00eanero.<\/p>\n<p>A morte da cantora causou grande como\u00e7\u00e3o entre f\u00e3s e artistas. Homenagens foram publicadas por colegas de profiss\u00e3o e admiradores, que relembraram a import\u00e2ncia de Paulinha para a hist\u00f3ria do forr\u00f3.<\/p>\n<p>Antes dela, em 2021, morreu Sidney Chuchu, outro cantor que passou pela Calcinha Preta. A partida marcou uma das primeiras perdas recentes de um vocalista associado \u00e0 banda.<\/p>\n<p>Embora tenham vivido per\u00edodos diferentes dentro do grupo, Sidney, Paulinha e Rog\u00e9rio fizeram parte de momentos importantes da trajet\u00f3ria da Calcinha Preta. Cada um contribuiu de uma maneira para a identidade musical constru\u00edda ao longo dos anos.<\/p>\n<p>Criada em Sergipe, a banda se tornou um dos principais nomes do forr\u00f3 eletr\u00f4nico brasileiro. Durante sua trajet\u00f3ria, diferentes cantores passaram pelos vocais, acompanhando as transforma\u00e7\u00f5es do grupo e ajudando a formar seu repert\u00f3rio.<\/p>\n<p>Por esse motivo, a morte de antigos integrantes costuma provocar uma onda de lembran\u00e7as entre os f\u00e3s. Cada despedida acaba trazendo \u00e0 tona uma determinada fase da carreira da banda e os artistas que estiveram \u00e0 frente dos palcos naquele per\u00edodo.<\/p>\n<p>No caso de Rog\u00e9rio, a not\u00edcia tamb\u00e9m fez o p\u00fablico recordar os primeiros anos da Calcinha Preta. Sua participa\u00e7\u00e3o entre 1998 e 2000 ocorreu quando o grupo ainda consolidava sua identidade e buscava espa\u00e7o no mercado nacional.<\/p>\n<p>Paulinha, por outro lado, permaneceu associada \u00e0 banda por per\u00edodos marcantes e ganhou uma dimens\u00e3o ainda maior dentro da m\u00fasica nordestina. Seu nome passou a ser lembrado como uma das vozes femininas mais importantes do forr\u00f3 eletr\u00f4nico.<\/p>\n<p>Sidney Chuchu tamb\u00e9m deixou sua contribui\u00e7\u00e3o para essa hist\u00f3ria. Sua trajet\u00f3ria se conecta a uma fase anterior da banda e permanece registrada na mem\u00f3ria dos admiradores que acompanharam o grupo desde os primeiros anos.<\/p>\n<p>As tr\u00eas mortes, ocorridas desde 2021, representam perdas importantes para quem acompanha a Calcinha Preta. Al\u00e9m da tristeza provocada por cada despedida, os acontecimentos tamb\u00e9m refor\u00e7am a dimens\u00e3o do legado deixado pelos artistas.<\/p>\n<p>Com a morte de Rog\u00e9rio Valen\u00e7a, antigos f\u00e3s voltaram a recordar diferentes momentos da banda e a import\u00e2ncia dos vocalistas que ajudaram a construir sua identidade.<\/p>\n<p>A hist\u00f3ria da Calcinha Preta continua sendo formada por diferentes gera\u00e7\u00f5es de m\u00fasicos. Entre os nomes que passaram pelo grupo, alguns acabaram deixando uma marca especialmente forte e permanecem presentes na mem\u00f3ria do p\u00fablico mesmo ap\u00f3s a partida.<\/p>\n<p>Rog\u00e9rio Valen\u00e7a, Paulinha Abelha e Sidney Chuchu agora fazem parte dessa hist\u00f3ria. Suas trajet\u00f3rias, registradas em diferentes momentos da banda, continuam sendo lembradas por f\u00e3s do forr\u00f3 e por aqueles que acompanharam a evolu\u00e7\u00e3o da Calcinha Preta ao longo das d\u00e9cadas.<\/p>\n<p><\/p>\n","protected":false},"excerpt":{"rendered":"<p>A morte de Rog\u00e9rio Valen\u00e7a, aos 55 anos, voltou a chamar aten\u00e7\u00e3o para uma sequ\u00eancia de perdas que marcou a hist\u00f3ria recente da Calcinha Preta. O cantor morreu na \u00faltima segunda-feira (31\/8), em Aracaju, Sergipe, ap\u00f3s enfrentar problemas renais e permanecer em tratamento. Rog\u00e9rio fazia parte de uma gera\u00e7\u00e3o que ajudou a construir os primeiros [\u2026]<\/p>\n","protected":false},"author":2,"featured_media":5228,"comment_status":"closed","ping_status":"open","sticky":false,"template":"","format":"standard","meta":{"footnotes":""},"categories":[32],"tags":[],"class_list":["post-5229","post","type-post","status-publish","format-standard","has-post-thumbnail","hentry","category-famosos"],"featured_image_urls":{"full":["https:\/\/famatv.com.br\/wp-content\/uploads\/2026\/09\/aTOBeTKA-collage.jpg",1200,900,false],"thumbnail":["https:\/\/famatv.com.br\/wp-content\/uploads\/2026\/09\/aTOBeTKA-collage-150x150.jpg",150,150,true],"medium":["https:\/\/famatv.com.br\/wp-content\/uploads\/2026\/09\/aTOBeTKA-collage-300x225.jpg",300,225,true],"medium_large":["https:\/\/famatv.com.br\/wp-content\/uploads\/2026\/09\/aTOBeTKA-collage-768x576.jpg",640,480,true],"large":["https:\/\/famatv.com.br\/wp-content\/uploads\/2026\/09\/aTOBeTKA-collage-1024x768.jpg",640,480,true],"1536x1536":["https:\/\/famatv.com.br\/wp-content\/uploads\/2026\/09\/aTOBeTKA-collage.jpg",1200,900,false],"2048x2048":["https:\/\/famatv.com.br\/wp-content\/uploads\/2026\/09\/aTOBeTKA-collage.jpg",1200,900,false]},"author_info":{"info":["assessoriadefamosos"]},"category_info":"<a href=\"https:\/\/famatv.com.br\/index.php\/category\/famosos\/\" rel=\"category tag\">Famosos<\/a>","tag_info":"Famosos","comment_count":"0","_links":{"self":[{"href":"https:\/\/famatv.com.br\/index.php\/wp-json\/wp\/v2\/posts\/5229","targetHints":{"allow":["GET"]}}],"collection":[{"href":"https:\/\/famatv.com.br\/index.php\/wp-json\/wp\/v2\/posts"}],"about":[{"href":"https:\/\/famatv.com.br\/index.php\/wp-json\/wp\/v2\/types\/post"}],"author":[{"embeddable":true,"href":"https:\/\/famatv.com.br\/index.php\/wp-json\/wp\/v2\/users\/2"}],"replies":[{"embeddable":true,"href":"https:\/\/famatv.com.br\/index.php\/wp-json\/wp\/v2\/comments?post=5229"}],"version-history":[{"count":1,"href":"https:\/\/famatv.com.br\/index.php\/wp-json\/wp\/v2\/posts\/5229\/revisions"}],"predecessor-version":[{"id":5230,"href":"https:\/\/famatv.com.br\/index.php\/wp-json\/wp\/v2\/posts\/5229\/revisions\/5230"}],"wp:featuredmedia":[{"embeddable":true,"href":"https:\/\/famatv.com.br\/index.php\/wp-json\/wp\/v2\/media\/5228"}],"wp:attachment":[{"href":"https:\/\/famatv.com.br\/index.php\/wp-json\/wp\/v2\/media?parent=5229"}],"wp:term":[{"taxonomy":"category","embeddable":true,"href":"https:\/\/famatv.com.br\/index.php\/wp-json\/wp\/v2\/categories?post=5229"},{"taxonomy":"post_tag","embeddable":true,"href":"https:\/\/famatv.com.br\/index.php\/wp-json\/wp\/v2\/tags?post=5229"}],"curies":[{"name":"wp","href":"https:\/\/api.w.org\/{rel}","templated":true}]}}