{"id":5232,"date":"2026-09-04T21:16:22","date_gmt":"2026-09-04T21:16:22","guid":{"rendered":"https:\/\/famatv.com.br\/?p=5232"},"modified":"2026-09-04T21:16:22","modified_gmt":"2026-09-04T21:16:22","slug":"cesar-tralli-revela-surpresa-feita-pela-filha-e-se-declara-a-familia","status":"publish","type":"post","link":"https:\/\/famatv.com.br\/index.php\/2026\/09\/04\/cesar-tralli-revela-surpresa-feita-pela-filha-e-se-declara-a-familia\/","title":{"rendered":"C\u00e9sar Tralli revela surpresa feita pela filha e se declara \u00e0 fam\u00edlia"},"content":{"rendered":"<p>C\u00e9sar Tralli teve uma manh\u00e3 diferente nesta quinta-feira (3\/9). Antes de come\u00e7ar mais um dia de compromissos profissionais, o jornalista encontrou um gesto de carinho preparado pela filha, Manuella, e decidiu compartilhar o momento com os seguidores.<\/p>\n<p>O presente estava na cabeceira da cama e surpreendeu o apresentador. Encantado com a atitude da menina, Tralli registrou o mimo e aproveitou a publica\u00e7\u00e3o para falar sobre o significado que a fam\u00edlia tem em sua vida.<\/p>\n<p>Apesar da rotina corrida na televis\u00e3o, o jornalista costuma reservar espa\u00e7o para acompanhar de perto a vida familiar. A rela\u00e7\u00e3o com Manuella aparece ocasionalmente nas redes sociais, em registros que mostram momentos de descontra\u00e7\u00e3o e afeto.<\/p>\n<p>Desta vez, no entanto, a iniciativa partiu da pr\u00f3pria menina. O pequeno gesto feito dentro de casa chamou a aten\u00e7\u00e3o do pai e acabou se transformando em uma lembran\u00e7a especial.<\/p>\n<p>Tralli, que ocupa uma posi\u00e7\u00e3o de destaque no jornalismo televisivo, passa boa parte dos dias envolvido com not\u00edcias, reuni\u00f5es e grava\u00e7\u00f5es. Fora do ambiente profissional, por\u00e9m, demonstra valorizar situa\u00e7\u00f5es simples que envolvem a fam\u00edlia.<\/p>\n<p>Ao mostrar a surpresa, o jornalista deixou transparecer o lado mais emotivo que nem sempre aparece diante das c\u00e2meras. A publica\u00e7\u00e3o serviu como uma oportunidade para agradecer pelo carinho recebido e refor\u00e7ar sua admira\u00e7\u00e3o pela filha.<\/p>\n<p>Manuella \u00e9 fruto do relacionamento de Tralli com Ticiane Pinheiro. A menina costuma aparecer em registros compartilhados pelos pais, que acompanham diferentes momentos de seu crescimento.<\/p>\n<p>Para o jornalista, a surpresa ganhou um significado especial justamente por n\u00e3o envolver nenhuma ocasi\u00e3o grandiosa. Foi um gesto espont\u00e2neo, feito pela filha, que acabou tornando o in\u00edcio do dia mais marcante.<\/p>\n<p>A declara\u00e7\u00e3o tamb\u00e9m refor\u00e7ou uma ideia que Tralli costuma transmitir aos seguidores: as conquistas profissionais t\u00eam import\u00e2ncia, mas os v\u00ednculos familiares ocupam um lugar diferente.<\/p>\n<p>A rotina diante das c\u00e2meras exige dedica\u00e7\u00e3o e responsabilidade. Por isso, momentos de carinho dentro de casa funcionam como uma esp\u00e9cie de pausa em meio \u00e0 agenda intensa.<\/p>\n<p>O registro publicado pelo jornalista tamb\u00e9m despertou coment\u00e1rios de seguidores, que destacaram a delicadeza da atitude de Manuella e a rea\u00e7\u00e3o carinhosa do pai.<\/p>\n<p>Mais do que exibir um presente, Tralli decidiu compartilhar uma mem\u00f3ria afetiva. A cena mostrou que uma surpresa aparentemente pequena pode ganhar grande valor quando representa uma demonstra\u00e7\u00e3o espont\u00e2nea de amor.<\/p>\n<p>A rela\u00e7\u00e3o entre pai e filha foi o principal destaque da publica\u00e7\u00e3o. Tralli aproveitou o epis\u00f3dio para reconhecer que s\u00e3o justamente esses momentos cotidianos que acabam se tornando algumas das lembran\u00e7as mais importantes.<\/p>\n<p>Enquanto a rotina profissional segue movimentada, o jornalista mostrou que encontra nos momentos em fam\u00edlia uma fonte de carinho e motiva\u00e7\u00e3o.<\/p>\n<p>A surpresa de Manuella, portanto, acabou transformando uma manh\u00e3 comum em uma ocasi\u00e3o especial. Ao dividir o epis\u00f3dio com o p\u00fablico, C\u00e9sar Tralli deixou evidente que, para ele, estar perto da fam\u00edlia e receber demonstra\u00e7\u00f5es de afeto est\u00e1 entre os maiores presentes da vida.<\/p>\n<p><\/p>\n","protected":false},"excerpt":{"rendered":"<p>C\u00e9sar Tralli teve uma manh\u00e3 diferente nesta quinta-feira (3\/9). Antes de come\u00e7ar mais um dia de compromissos profissionais, o jornalista encontrou um gesto de carinho preparado pela filha, Manuella, e decidiu compartilhar o momento com os seguidores. O presente estava na cabeceira da cama e surpreendeu o apresentador. Encantado com a atitude da menina, Tralli [\u2026]<\/p>\n","protected":false},"author":2,"featured_media":5231,"comment_status":"closed","ping_status":"open","sticky":false,"template":"","format":"standard","meta":{"footnotes":""},"categories":[32],"tags":[],"class_list":["post-5232","post","type-post","status-publish","format-standard","has-post-thumbnail","hentry","category-famosos"],"featured_image_urls":{"full":["https:\/\/famatv.com.br\/wp-content\/uploads\/2026\/09\/JehNe8e7-Cesar-Tralli.jpg",1200,900,false],"thumbnail":["https:\/\/famatv.com.br\/wp-content\/uploads\/2026\/09\/JehNe8e7-Cesar-Tralli-150x150.jpg",150,150,true],"medium":["https:\/\/famatv.com.br\/wp-content\/uploads\/2026\/09\/JehNe8e7-Cesar-Tralli-300x225.jpg",300,225,true],"medium_large":["https:\/\/famatv.com.br\/wp-content\/uploads\/2026\/09\/JehNe8e7-Cesar-Tralli-768x576.jpg",640,480,true],"large":["https:\/\/famatv.com.br\/wp-content\/uploads\/2026\/09\/JehNe8e7-Cesar-Tralli-1024x768.jpg",640,480,true],"1536x1536":["https:\/\/famatv.com.br\/wp-content\/uploads\/2026\/09\/JehNe8e7-Cesar-Tralli.jpg",1200,900,false],"2048x2048":["https:\/\/famatv.com.br\/wp-content\/uploads\/2026\/09\/JehNe8e7-Cesar-Tralli.jpg",1200,900,false]},"author_info":{"info":["assessoriadefamosos"]},"category_info":"<a href=\"https:\/\/famatv.com.br\/index.php\/category\/famosos\/\" rel=\"category tag\">Famosos<\/a>","tag_info":"Famosos","comment_count":"0","_links":{"self":[{"href":"https:\/\/famatv.com.br\/index.php\/wp-json\/wp\/v2\/posts\/5232","targetHints":{"allow":["GET"]}}],"collection":[{"href":"https:\/\/famatv.com.br\/index.php\/wp-json\/wp\/v2\/posts"}],"about":[{"href":"https:\/\/famatv.com.br\/index.php\/wp-json\/wp\/v2\/types\/post"}],"author":[{"embeddable":true,"href":"https:\/\/famatv.com.br\/index.php\/wp-json\/wp\/v2\/users\/2"}],"replies":[{"embeddable":true,"href":"https:\/\/famatv.com.br\/index.php\/wp-json\/wp\/v2\/comments?post=5232"}],"version-history":[{"count":1,"href":"https:\/\/famatv.com.br\/index.php\/wp-json\/wp\/v2\/posts\/5232\/revisions"}],"predecessor-version":[{"id":5233,"href":"https:\/\/famatv.com.br\/index.php\/wp-json\/wp\/v2\/posts\/5232\/revisions\/5233"}],"wp:featuredmedia":[{"embeddable":true,"href":"https:\/\/famatv.com.br\/index.php\/wp-json\/wp\/v2\/media\/5231"}],"wp:attachment":[{"href":"https:\/\/famatv.com.br\/index.php\/wp-json\/wp\/v2\/media?parent=5232"}],"wp:term":[{"taxonomy":"category","embeddable":true,"href":"https:\/\/famatv.com.br\/index.php\/wp-json\/wp\/v2\/categories?post=5232"},{"taxonomy":"post_tag","embeddable":true,"href":"https:\/\/famatv.com.br\/index.php\/wp-json\/wp\/v2\/tags?post=5232"}],"curies":[{"name":"wp","href":"https:\/\/api.w.org\/{rel}","templated":true}]}}