{"id":5235,"date":"2026-09-04T21:18:52","date_gmt":"2026-09-04T21:18:52","guid":{"rendered":"https:\/\/famatv.com.br\/?p=5235"},"modified":"2026-09-04T21:18:52","modified_gmt":"2026-09-04T21:18:52","slug":"ary-fontoura-conhece-filha-de-camila-queiroz-e-klebber-toledo-em-encontro-cheio-de-carinho","status":"publish","type":"post","link":"https:\/\/famatv.com.br\/index.php\/2026\/09\/04\/ary-fontoura-conhece-filha-de-camila-queiroz-e-klebber-toledo-em-encontro-cheio-de-carinho\/","title":{"rendered":"Ary Fontoura conhece filha de Camila Queiroz e Klebber Toledo em encontro cheio de carinho"},"content":{"rendered":"<p>Camila Queiroz e Klebber Toledo receberam uma visita especial em casa nesta quarta-feira (2\/9). Ary Fontoura esteve com o casal e finalmente conheceu Clara, filha dos atores, que est\u00e1 com oito meses.<\/p>\n<p>O encontro teve um significado especial para a fam\u00edlia. Al\u00e9m de ser um amigo querido dos dois, Ary \u00e9 lembrado como uma figura importante no come\u00e7o da hist\u00f3ria de amor entre Camila e Klebber.<\/p>\n<p>Camila registrou a ocasi\u00e3o e publicou alguns momentos nas redes sociais. Nas imagens, a pequena Clara aparece ao lado do veterano, em uma sequ\u00eancia de fotos que mostrou a proximidade entre as duas gera\u00e7\u00f5es.<\/p>\n<p>A atriz aproveitou a oportunidade para brincar com a rela\u00e7\u00e3o constru\u00edda ao longo dos anos. Dentro de casa, Ary ganhou um novo t\u00edtulo: \u201cVov\u00f4 Ary\u201d, apelido dado com carinho pela fam\u00edlia.<\/p>\n<p>A liga\u00e7\u00e3o do ator com Camila e Klebber come\u00e7ou ainda na \u00e9poca em que os dois trabalhavam juntos em uma novela. A conviv\u00eancia nos bastidores ajudou a aproxim\u00e1-los e acabou dando in\u00edcio ao relacionamento que posteriormente se transformaria em casamento.<\/p>\n<p>Desde ent\u00e3o, Ary acompanhou diferentes fases da vida dos dois. O ator viu o relacionamento crescer, a uni\u00e3o ser oficializada e, mais recentemente, a fam\u00edlia aumentar com o nascimento de Clara.<\/p>\n<p>Por isso, conhecer a filha do casal representou mais um cap\u00edtulo dessa hist\u00f3ria. O encontro aconteceu em um ambiente reservado, longe dos compromissos profissionais que normalmente envolvem os tr\u00eas.<\/p>\n<p>Camila costuma compartilhar apenas alguns momentos da rotina da filha. A apresenta\u00e7\u00e3o de Clara a Ary, no entanto, foi considerada especial o suficiente para virar registro nas redes sociais.<\/p>\n<p>O encontro tamb\u00e9m mostrou o carinho que permaneceu entre os artistas mesmo depois de anos desde o trabalho que aproximou Camila e Klebber. A amizade ganhou novos contornos com o crescimento da fam\u00edlia.<\/p>\n<p>Klebber Toledo tamb\u00e9m mant\u00e9m uma rela\u00e7\u00e3o pr\u00f3xima com Ary. Para o ator, reencontrar o amigo e apresent\u00e1-lo \u00e0 filha representa a continuidade de um v\u00ednculo que come\u00e7ou quando sua hist\u00f3ria com Camila ainda estava no in\u00edcio.<\/p>\n<p>A pequena Clara passou a ocupar um lugar central na vida do casal desde seu nascimento. Aos oito meses, ela j\u00e1 protagoniza momentos especiais compartilhados pelos pais, embora os dois mantenham alguns aspectos da rotina da menina longe da exposi\u00e7\u00e3o.<\/p>\n<p>Desta vez, o registro teve como principal destaque a presen\u00e7a de Ary. A imagem do veterano ao lado de Clara refor\u00e7ou a import\u00e2ncia que ele conquistou na trajet\u00f3ria da fam\u00edlia.<\/p>\n<p>O apelido \u201cVov\u00f4 Ary\u201d tamb\u00e9m chamou aten\u00e7\u00e3o. A express\u00e3o escolhida por Camila demonstra o n\u00edvel de intimidade alcan\u00e7ado pelo ator e transforma a antiga brincadeira de \u201ccupido\u201d em um v\u00ednculo ainda mais afetivo.<\/p>\n<p>A hist\u00f3ria come\u00e7ou nos bastidores da televis\u00e3o e, anos depois, chegou a um novo cen\u00e1rio: a casa do casal, com a presen\u00e7a da filha que nasceu dessa rela\u00e7\u00e3o.<\/p>\n<p>Para Camila, compartilhar o momento foi uma maneira de celebrar n\u00e3o apenas a visita, mas tamb\u00e9m a amizade constru\u00edda ao longo dos anos. Para Ary, ficou o registro de um encontro aguardado com uma integrante muito especial da fam\u00edlia.<\/p>\n<p>Entre abra\u00e7os, fotos e muita fofura, o veterano conheceu Clara e ganhou oficialmente um novo lugar no cora\u00e7\u00e3o da fam\u00edlia.<\/p>\n<p>O encontro mostrou que algumas amizades ultrapassam os limites do trabalho e permanecem presentes mesmo quando a vida muda de cen\u00e1rio. Ary Fontoura ajudou a aproximar Camila e Klebber no passado e agora acompanha, de perto, mais um cap\u00edtulo dessa hist\u00f3ria.<\/p>\n<p><\/p>\n","protected":false},"excerpt":{"rendered":"<p>Camila Queiroz e Klebber Toledo receberam uma visita especial em casa nesta quarta-feira (2\/9). Ary Fontoura esteve com o casal e finalmente conheceu Clara, filha dos atores, que est\u00e1 com oito meses. O encontro teve um significado especial para a fam\u00edlia. Al\u00e9m de ser um amigo querido dos dois, Ary \u00e9 lembrado como uma figura [\u2026]<\/p>\n","protected":false},"author":2,"featured_media":5234,"comment_status":"closed","ping_status":"open","sticky":false,"template":"","format":"standard","meta":{"footnotes":""},"categories":[32],"tags":[],"class_list":["post-5235","post","type-post","status-publish","format-standard","has-post-thumbnail","hentry","category-famosos"],"featured_image_urls":{"full":["https:\/\/famatv.com.br\/wp-content\/uploads\/2026\/09\/WhatsApp-Image-2026-09-03-at-13.49.46.jpeg",1200,900,false],"thumbnail":["https:\/\/famatv.com.br\/wp-content\/uploads\/2026\/09\/WhatsApp-Image-2026-09-03-at-13.49.46-150x150.jpeg",150,150,true],"medium":["https:\/\/famatv.com.br\/wp-content\/uploads\/2026\/09\/WhatsApp-Image-2026-09-03-at-13.49.46-300x225.jpeg",300,225,true],"medium_large":["https:\/\/famatv.com.br\/wp-content\/uploads\/2026\/09\/WhatsApp-Image-2026-09-03-at-13.49.46-768x576.jpeg",640,480,true],"large":["https:\/\/famatv.com.br\/wp-content\/uploads\/2026\/09\/WhatsApp-Image-2026-09-03-at-13.49.46-1024x768.jpeg",640,480,true],"1536x1536":["https:\/\/famatv.com.br\/wp-content\/uploads\/2026\/09\/WhatsApp-Image-2026-09-03-at-13.49.46.jpeg",1200,900,false],"2048x2048":["https:\/\/famatv.com.br\/wp-content\/uploads\/2026\/09\/WhatsApp-Image-2026-09-03-at-13.49.46.jpeg",1200,900,false]},"author_info":{"info":["assessoriadefamosos"]},"category_info":"<a href=\"https:\/\/famatv.com.br\/index.php\/category\/famosos\/\" rel=\"category tag\">Famosos<\/a>","tag_info":"Famosos","comment_count":"0","_links":{"self":[{"href":"https:\/\/famatv.com.br\/index.php\/wp-json\/wp\/v2\/posts\/5235","targetHints":{"allow":["GET"]}}],"collection":[{"href":"https:\/\/famatv.com.br\/index.php\/wp-json\/wp\/v2\/posts"}],"about":[{"href":"https:\/\/famatv.com.br\/index.php\/wp-json\/wp\/v2\/types\/post"}],"author":[{"embeddable":true,"href":"https:\/\/famatv.com.br\/index.php\/wp-json\/wp\/v2\/users\/2"}],"replies":[{"embeddable":true,"href":"https:\/\/famatv.com.br\/index.php\/wp-json\/wp\/v2\/comments?post=5235"}],"version-history":[{"count":1,"href":"https:\/\/famatv.com.br\/index.php\/wp-json\/wp\/v2\/posts\/5235\/revisions"}],"predecessor-version":[{"id":5236,"href":"https:\/\/famatv.com.br\/index.php\/wp-json\/wp\/v2\/posts\/5235\/revisions\/5236"}],"wp:featuredmedia":[{"embeddable":true,"href":"https:\/\/famatv.com.br\/index.php\/wp-json\/wp\/v2\/media\/5234"}],"wp:attachment":[{"href":"https:\/\/famatv.com.br\/index.php\/wp-json\/wp\/v2\/media?parent=5235"}],"wp:term":[{"taxonomy":"category","embeddable":true,"href":"https:\/\/famatv.com.br\/index.php\/wp-json\/wp\/v2\/categories?post=5235"},{"taxonomy":"post_tag","embeddable":true,"href":"https:\/\/famatv.com.br\/index.php\/wp-json\/wp\/v2\/tags?post=5235"}],"curies":[{"name":"wp","href":"https:\/\/api.w.org\/{rel}","templated":true}]}}