{"id":5238,"date":"2026-09-04T21:21:24","date_gmt":"2026-09-04T21:21:24","guid":{"rendered":"https:\/\/famatv.com.br\/?p=5238"},"modified":"2026-09-04T21:21:24","modified_gmt":"2026-09-04T21:21:24","slug":"shawn-mendes-e-flagrado-em-passeio-tranquilo-pela-orla-de-sao-conrado","status":"publish","type":"post","link":"https:\/\/famatv.com.br\/index.php\/2026\/09\/04\/shawn-mendes-e-flagrado-em-passeio-tranquilo-pela-orla-de-sao-conrado\/","title":{"rendered":"Shawn Mendes \u00e9 flagrado em passeio tranquilo pela orla de S\u00e3o Conrado"},"content":{"rendered":"<p>Shawn Mendes aproveitou a passagem pelo Rio de Janeiro para curtir um momento de tranquilidade longe dos grandes eventos. O cantor canadense foi visto caminhando pela orla de S\u00e3o Conrado, na zona sul da cidade, nesta quinta-feira (3\/9).<\/p>\n<p>O que chamou aten\u00e7\u00e3o foi o jeito simples escolhido pelo artista para aproveitar o passeio. Shawn estava sozinho, de chinelo, com um caf\u00e9 nas m\u00e3os e fones de ouvido, enquanto caminhava pr\u00f3ximo ao mar.<\/p>\n<p>A apari\u00e7\u00e3o inesperada rapidamente despertou a curiosidade de quem estava pela regi\u00e3o. Mesmo sendo uma estrela internacional, o cantor circulou de maneira discreta e aproveitou a caminhada como qualquer outro visitante que decide conhecer a paisagem carioca.<\/p>\n<p>S\u00e3o Conrado \u00e9 conhecido pelas belezas naturais e pelo contraste entre o litoral e as montanhas. O cen\u00e1rio escolhido por Shawn proporcionou uma pausa em meio \u00e0 movimenta\u00e7\u00e3o habitual de sua carreira.<\/p>\n<p>Sem roupas chamativas ou qualquer estrutura de produ\u00e7\u00e3o, o artista apostou em um visual casual para sair pelas ruas. O chinelo, inclusive, acabou se tornando um dos detalhes que mais combinaram com a atmosfera descontra\u00edda do passeio.<\/p>\n<p>A cena tamb\u00e9m mostrou um lado mais reservado do cantor. Em vez de aparecer cercado por profissionais ou em um compromisso oficial, Shawn preferiu caminhar sozinho, ouvir m\u00fasica e aproveitar alguns minutos de descanso.<\/p>\n<p>A presen\u00e7a do canadense no Brasil costuma despertar grande interesse entre os f\u00e3s. Sempre que aparece em locais p\u00fablicos, o cantor acaba sendo reconhecido e gerando coment\u00e1rios nas redes sociais.<\/p>\n<p>Desta vez, entretanto, o destaque ficou justamente pela naturalidade da situa\u00e7\u00e3o. Shawn n\u00e3o estava participando de um evento ou fazendo uma apari\u00e7\u00e3o planejada. Ele apenas aproveitou o dia para caminhar pela cidade.<\/p>\n<p>O Rio de Janeiro j\u00e1 recebeu o artista em outras ocasi\u00f5es, e a nova passagem pelo pa\u00eds voltou a movimentar os admiradores. O contato com a paisagem carioca proporcionou ao cantor uma experi\u00eancia diferente da rotina normalmente associada \u00e0s turn\u00eas.<\/p>\n<p>Durante o passeio, Shawn manteve os fones de ouvido e seguiu pela orla com o caf\u00e9 na m\u00e3o. O registro do momento rapidamente ganhou repercuss\u00e3o entre os f\u00e3s, que celebraram a oportunidade de v\u00ea-lo aproveitando a cidade de forma t\u00e3o espont\u00e2nea.<\/p>\n<p>A escolha de S\u00e3o Conrado tamb\u00e9m permitiu que o cantor desfrutasse de uma das regi\u00f5es com paisagens mais marcantes da zona sul. O mar e as montanhas deram um cen\u00e1rio especial \u00e0 caminhada.<\/p>\n<p>Fora dos palcos, Shawn costuma adotar uma postura mais discreta. A apari\u00e7\u00e3o no Rio refor\u00e7ou essa caracter\u00edstica e mostrou o cantor aproveitando uma atividade simples durante a estadia no pa\u00eds.<\/p>\n<p>Para quem estava na regi\u00e3o, encontrar uma estrela mundial em uma situa\u00e7\u00e3o t\u00e3o cotidiana certamente foi uma surpresa. A cena de Shawn caminhando de chinelo, tomando caf\u00e9 e usando fones acabou contrastando com a imagem glamourosa normalmente associada aos grandes artistas.<\/p>\n<p>A passagem pelo Rio, portanto, ganhou um registro inesperado. Sem cerim\u00f4nia ou produ\u00e7\u00e3o, o cantor aproveitou a manh\u00e3 para caminhar e observar a paisagem.<\/p>\n<p>Shawn Mendes mostrou que, mesmo durante uma viagem marcada pela aten\u00e7\u00e3o dos f\u00e3s, tamb\u00e9m encontra espa\u00e7o para momentos de privacidade e descontra\u00e7\u00e3o.<\/p>\n<p>Entre o caf\u00e9, os fones e a caminhada \u00e0 beira-mar, o artista aproveitou um pouco da rotina carioca e deixou uma imagem bastante diferente daquela vista nos palcos: a de um visitante curtindo o Rio de Janeiro de maneira simples e sem pressa.<\/p>\n<p><\/p>\n","protected":false},"excerpt":{"rendered":"<p>Shawn Mendes aproveitou a passagem pelo Rio de Janeiro para curtir um momento de tranquilidade longe dos grandes eventos. O cantor canadense foi visto caminhando pela orla de S\u00e3o Conrado, na zona sul da cidade, nesta quinta-feira (3\/9). O que chamou aten\u00e7\u00e3o foi o jeito simples escolhido pelo artista para aproveitar o passeio. Shawn estava [\u2026]<\/p>\n","protected":false},"author":2,"featured_media":5237,"comment_status":"closed","ping_status":"open","sticky":false,"template":"","format":"standard","meta":{"footnotes":""},"categories":[32],"tags":[],"class_list":["post-5238","post","type-post","status-publish","format-standard","has-post-thumbnail","hentry","category-famosos"],"featured_image_urls":{"full":["https:\/\/famatv.com.br\/wp-content\/uploads\/2026\/09\/laXg9q5H-collage-2.jpg",1200,900,false],"thumbnail":["https:\/\/famatv.com.br\/wp-content\/uploads\/2026\/09\/laXg9q5H-collage-2-150x150.jpg",150,150,true],"medium":["https:\/\/famatv.com.br\/wp-content\/uploads\/2026\/09\/laXg9q5H-collage-2-300x225.jpg",300,225,true],"medium_large":["https:\/\/famatv.com.br\/wp-content\/uploads\/2026\/09\/laXg9q5H-collage-2-768x576.jpg",640,480,true],"large":["https:\/\/famatv.com.br\/wp-content\/uploads\/2026\/09\/laXg9q5H-collage-2-1024x768.jpg",640,480,true],"1536x1536":["https:\/\/famatv.com.br\/wp-content\/uploads\/2026\/09\/laXg9q5H-collage-2.jpg",1200,900,false],"2048x2048":["https:\/\/famatv.com.br\/wp-content\/uploads\/2026\/09\/laXg9q5H-collage-2.jpg",1200,900,false]},"author_info":{"info":["assessoriadefamosos"]},"category_info":"<a href=\"https:\/\/famatv.com.br\/index.php\/category\/famosos\/\" rel=\"category tag\">Famosos<\/a>","tag_info":"Famosos","comment_count":"0","_links":{"self":[{"href":"https:\/\/famatv.com.br\/index.php\/wp-json\/wp\/v2\/posts\/5238","targetHints":{"allow":["GET"]}}],"collection":[{"href":"https:\/\/famatv.com.br\/index.php\/wp-json\/wp\/v2\/posts"}],"about":[{"href":"https:\/\/famatv.com.br\/index.php\/wp-json\/wp\/v2\/types\/post"}],"author":[{"embeddable":true,"href":"https:\/\/famatv.com.br\/index.php\/wp-json\/wp\/v2\/users\/2"}],"replies":[{"embeddable":true,"href":"https:\/\/famatv.com.br\/index.php\/wp-json\/wp\/v2\/comments?post=5238"}],"version-history":[{"count":1,"href":"https:\/\/famatv.com.br\/index.php\/wp-json\/wp\/v2\/posts\/5238\/revisions"}],"predecessor-version":[{"id":5239,"href":"https:\/\/famatv.com.br\/index.php\/wp-json\/wp\/v2\/posts\/5238\/revisions\/5239"}],"wp:featuredmedia":[{"embeddable":true,"href":"https:\/\/famatv.com.br\/index.php\/wp-json\/wp\/v2\/media\/5237"}],"wp:attachment":[{"href":"https:\/\/famatv.com.br\/index.php\/wp-json\/wp\/v2\/media?parent=5238"}],"wp:term":[{"taxonomy":"category","embeddable":true,"href":"https:\/\/famatv.com.br\/index.php\/wp-json\/wp\/v2\/categories?post=5238"},{"taxonomy":"post_tag","embeddable":true,"href":"https:\/\/famatv.com.br\/index.php\/wp-json\/wp\/v2\/tags?post=5238"}],"curies":[{"name":"wp","href":"https:\/\/api.w.org\/{rel}","templated":true}]}}