{"id":5241,"date":"2026-09-04T21:24:37","date_gmt":"2026-09-04T21:24:37","guid":{"rendered":"https:\/\/famatv.com.br\/?p=5241"},"modified":"2026-09-04T21:24:37","modified_gmt":"2026-09-04T21:24:37","slug":"pedro-scooby-volta-a-falar-sobre-luana-piovani-e-questiona-exposicao-dos-filhos","status":"publish","type":"post","link":"https:\/\/famatv.com.br\/index.php\/2026\/09\/04\/pedro-scooby-volta-a-falar-sobre-luana-piovani-e-questiona-exposicao-dos-filhos\/","title":{"rendered":"Pedro Scooby volta a falar sobre Luana Piovani e questiona exposi\u00e7\u00e3o dos filhos"},"content":{"rendered":"<p>Pedro Scooby decidiu se manifestar novamente sobre a rela\u00e7\u00e3o com Luana Piovani ap\u00f3s a troca de declara\u00e7\u00f5es envolvendo um dos filhos do ex-casal. Em v\u00eddeo publicado nesta quinta-feira (3\/9), o surfista explicou sua vers\u00e3o dos acontecimentos e criticou a exposi\u00e7\u00e3o de assuntos familiares nas redes sociais.<\/p>\n<p>A nova manifesta\u00e7\u00e3o veio um dia depois de Luana comentar publicamente um epis\u00f3dio envolvendo a filha Liz, de 10 anos. A atriz afirmou que a menina apresentou coceira na cabe\u00e7a depois de chegar ao Brasil e levantou a quest\u00e3o dos piolhos, o que acabou provocando uma resposta do ex-marido.<\/p>\n<p>Scooby afirmou que n\u00e3o gostaria de prolongar a discuss\u00e3o, mas decidiu esclarecer alguns pontos diante da repercuss\u00e3o. O surfista tamb\u00e9m aproveitou o momento para falar sobre o que considera um problema recorrente na rela\u00e7\u00e3o entre os dois: a exposi\u00e7\u00e3o p\u00fablica de situa\u00e7\u00f5es envolvendo os filhos.<\/p>\n<p>Na vis\u00e3o de Scooby, determinados acontecimentos deveriam ser resolvidos de maneira privada. Ele demonstrou inc\u00f4modo com o fato de quest\u00f5es delicadas da fam\u00edlia serem levadas \u00e0s redes sociais e acabarem diante de milhares de pessoas.<\/p>\n<p>A rela\u00e7\u00e3o entre o surfista e Luana Piovani j\u00e1 passou por outros momentos de tens\u00e3o p\u00fablica desde o fim do casamento. Os dois s\u00e3o pais de Dom, Liz e Bem e, apesar da separa\u00e7\u00e3o, continuam compartilhando responsabilidades relacionadas \u00e0 cria\u00e7\u00e3o dos filhos.<\/p>\n<p>Com diferentes opini\u00f5es sobre determinados assuntos, os dois eventualmente acabam apresentando vers\u00f5es distintas nas redes sociais. Foi o que aconteceu novamente ap\u00f3s a discuss\u00e3o envolvendo a sa\u00fade e os cuidados com Liz.<\/p>\n<p>Luana costuma falar abertamente sobre acontecimentos de sua vida pessoal e familiar com os seguidores. Scooby tamb\u00e9m compartilha registros dos filhos, mas deixou claro que existem situa\u00e7\u00f5es que, para ele, deveriam receber outro tipo de tratamento.<\/p>\n<p>O surfista destacou especialmente a necessidade de cuidado quando crian\u00e7as est\u00e3o envolvidas. Segundo o posicionamento apresentado por ele, quest\u00f5es familiares podem ganhar propor\u00e7\u00f5es maiores quando deixam o ambiente privado e passam a ser discutidas publicamente.<\/p>\n<p>A discuss\u00e3o sobre os piolhos acabou servindo como ponto de partida para um debate mais amplo entre os dois. Mais do que esclarecer quando o problema teria come\u00e7ado, Scooby questionou a maneira como a situa\u00e7\u00e3o foi apresentada ao p\u00fablico.<\/p>\n<p>O epis\u00f3dio tamb\u00e9m voltou a colocar em evid\u00eancia as diferen\u00e7as entre os dois na forma de lidar com a exposi\u00e7\u00e3o. Enquanto Luana frequentemente utiliza as redes para compartilhar opini\u00f5es e experi\u00eancias pessoais, Scooby afirmou preferir preservar determinadas situa\u00e7\u00f5es.<\/p>\n<p>Apesar das diverg\u00eancias, os filhos continuam sendo o principal elo entre o ex-casal. Dom, Liz e Bem convivem com os dois e fazem parte da rotina de ambos, o que exige di\u00e1logo mesmo diante de opini\u00f5es diferentes.<\/p>\n<p>A exposi\u00e7\u00e3o de conflitos familiares envolvendo crian\u00e7as \u00e9 um assunto que costuma gerar forte repercuss\u00e3o. No caso de Scooby e Luana, a aten\u00e7\u00e3o \u00e9 ainda maior devido \u00e0 visibilidade que os dois possuem.<\/p>\n<p>Ao voltar a falar sobre o epis\u00f3dio, o surfista procurou deixar claro que sua inten\u00e7\u00e3o n\u00e3o seria iniciar uma nova disputa p\u00fablica. A manifesta\u00e7\u00e3o, segundo ele, teve como objetivo apresentar seu lado diante das informa\u00e7\u00f5es que j\u00e1 circulavam.<\/p>\n<p>O surfista tamb\u00e9m criticou o que considera uma exposi\u00e7\u00e3o recorrente em momentos especialmente delicados. Para ele, situa\u00e7\u00f5es que envolvem diretamente os filhos precisam ser conduzidas com responsabilidade e cautela.<\/p>\n<p>A fala de Scooby acontece em um momento de novas discuss\u00f5es sobre os limites da vida privada nas redes sociais. A facilidade para compartilhar acontecimentos pessoais pode fazer com que conflitos familiares rapidamente alcancem um grande p\u00fablico.<\/p>\n<p>No caso do ex-casal, essa din\u00e2mica j\u00e1 se repetiu em diferentes ocasi\u00f5es desde a separa\u00e7\u00e3o. Quest\u00f5es relacionadas \u00e0 cria\u00e7\u00e3o dos filhos, decis\u00f5es familiares e epis\u00f3dios do cotidiano eventualmente acabam sendo discutidas publicamente.<\/p>\n<p>Agora, ao se posicionar mais uma vez, Scooby refor\u00e7ou sua prefer\u00eancia por resolver determinadas quest\u00f5es longe das redes. O surfista indicou que, principalmente quando os filhos est\u00e3o envolvidos, considera importante evitar que problemas particulares se transformem em debates p\u00fablicos.<\/p>\n<p>A nova declara\u00e7\u00e3o encerra, pelo menos por enquanto, a manifesta\u00e7\u00e3o do surfista sobre o epis\u00f3dio. Resta aos dois administrar as diferen\u00e7as enquanto seguem exercendo juntos o papel de pais.<\/p>\n<p>No centro de toda a discuss\u00e3o permanecem Dom, Liz e Bem. Apesar dos conflitos entre os adultos, s\u00e3o eles que mant\u00eam Scooby e Luana ligados e tornam necess\u00e1ria a busca por equil\u00edbrio na conviv\u00eancia familiar.<\/p>\n<p><\/p>\n","protected":false},"excerpt":{"rendered":"<p>Pedro Scooby decidiu se manifestar novamente sobre a rela\u00e7\u00e3o com Luana Piovani ap\u00f3s a troca de declara\u00e7\u00f5es envolvendo um dos filhos do ex-casal. Em v\u00eddeo publicado nesta quinta-feira (3\/9), o surfista explicou sua vers\u00e3o dos acontecimentos e criticou a exposi\u00e7\u00e3o de assuntos familiares nas redes sociais. A nova manifesta\u00e7\u00e3o veio um dia depois de Luana [\u2026]<\/p>\n","protected":false},"author":2,"featured_media":5240,"comment_status":"closed","ping_status":"open","sticky":false,"template":"","format":"standard","meta":{"footnotes":""},"categories":[32],"tags":[],"class_list":["post-5241","post","type-post","status-publish","format-standard","has-post-thumbnail","hentry","category-famosos"],"featured_image_urls":{"full":["https:\/\/famatv.com.br\/wp-content\/uploads\/2026\/09\/WhatsApp-Image-2026-09-03-at-14.22.52.jpeg",888,603,false],"thumbnail":["https:\/\/famatv.com.br\/wp-content\/uploads\/2026\/09\/WhatsApp-Image-2026-09-03-at-14.22.52-150x150.jpeg",150,150,true],"medium":["https:\/\/famatv.com.br\/wp-content\/uploads\/2026\/09\/WhatsApp-Image-2026-09-03-at-14.22.52-300x204.jpeg",300,204,true],"medium_large":["https:\/\/famatv.com.br\/wp-content\/uploads\/2026\/09\/WhatsApp-Image-2026-09-03-at-14.22.52-768x522.jpeg",640,435,true],"large":["https:\/\/famatv.com.br\/wp-content\/uploads\/2026\/09\/WhatsApp-Image-2026-09-03-at-14.22.52.jpeg",640,435,false],"1536x1536":["https:\/\/famatv.com.br\/wp-content\/uploads\/2026\/09\/WhatsApp-Image-2026-09-03-at-14.22.52.jpeg",888,603,false],"2048x2048":["https:\/\/famatv.com.br\/wp-content\/uploads\/2026\/09\/WhatsApp-Image-2026-09-03-at-14.22.52.jpeg",888,603,false]},"author_info":{"info":["assessoriadefamosos"]},"category_info":"<a href=\"https:\/\/famatv.com.br\/index.php\/category\/famosos\/\" rel=\"category tag\">Famosos<\/a>","tag_info":"Famosos","comment_count":"0","_links":{"self":[{"href":"https:\/\/famatv.com.br\/index.php\/wp-json\/wp\/v2\/posts\/5241","targetHints":{"allow":["GET"]}}],"collection":[{"href":"https:\/\/famatv.com.br\/index.php\/wp-json\/wp\/v2\/posts"}],"about":[{"href":"https:\/\/famatv.com.br\/index.php\/wp-json\/wp\/v2\/types\/post"}],"author":[{"embeddable":true,"href":"https:\/\/famatv.com.br\/index.php\/wp-json\/wp\/v2\/users\/2"}],"replies":[{"embeddable":true,"href":"https:\/\/famatv.com.br\/index.php\/wp-json\/wp\/v2\/comments?post=5241"}],"version-history":[{"count":1,"href":"https:\/\/famatv.com.br\/index.php\/wp-json\/wp\/v2\/posts\/5241\/revisions"}],"predecessor-version":[{"id":5242,"href":"https:\/\/famatv.com.br\/index.php\/wp-json\/wp\/v2\/posts\/5241\/revisions\/5242"}],"wp:featuredmedia":[{"embeddable":true,"href":"https:\/\/famatv.com.br\/index.php\/wp-json\/wp\/v2\/media\/5240"}],"wp:attachment":[{"href":"https:\/\/famatv.com.br\/index.php\/wp-json\/wp\/v2\/media?parent=5241"}],"wp:term":[{"taxonomy":"category","embeddable":true,"href":"https:\/\/famatv.com.br\/index.php\/wp-json\/wp\/v2\/categories?post=5241"},{"taxonomy":"post_tag","embeddable":true,"href":"https:\/\/famatv.com.br\/index.php\/wp-json\/wp\/v2\/tags?post=5241"}],"curies":[{"name":"wp","href":"https:\/\/api.w.org\/{rel}","templated":true}]}}