{"id":5244,"date":"2026-09-04T21:27:31","date_gmt":"2026-09-04T21:27:31","guid":{"rendered":"https:\/\/famatv.com.br\/?p=5244"},"modified":"2026-09-04T21:27:31","modified_gmt":"2026-09-04T21:27:31","slug":"ana-castela-surpreende-publico-ao-mudar-trecho-de-musica-apos-polemica-com-rincon","status":"publish","type":"post","link":"https:\/\/famatv.com.br\/index.php\/2026\/09\/04\/ana-castela-surpreende-publico-ao-mudar-trecho-de-musica-apos-polemica-com-rincon\/","title":{"rendered":"Ana Castela surpreende p\u00fablico ao mudar trecho de m\u00fasica ap\u00f3s pol\u00eamica com Rincon"},"content":{"rendered":"<p>Ana Castela protagonizou um momento que rapidamente chamou a aten\u00e7\u00e3o dos f\u00e3s durante um show realizado em Pimenta Bueno, em Rond\u00f4nia, na madrugada desta quinta-feira (3\/9). Ao apresentar \u201cN\u00e3o \u00e9 Pressa, \u00e9 Press\u00e3o\u201d, a cantora optou por n\u00e3o cantar o trecho em que o nome de C\u00e9sar Rincon aparece.<\/p>\n<p>A altera\u00e7\u00e3o foi percebida por quem acompanhava a apresenta\u00e7\u00e3o e ganhou for\u00e7a nas redes sociais. Isso porque a decis\u00e3o ocorreu poucos dias depois de uma situa\u00e7\u00e3o envolvendo o influenciador em Barretos, que j\u00e1 havia provocado uma s\u00e9rie de coment\u00e1rios e especula\u00e7\u00f5es entre os internautas.<\/p>\n<p>Durante a execu\u00e7\u00e3o da m\u00fasica, Ana conduziu normalmente a apresenta\u00e7\u00e3o at\u00e9 chegar \u00e0 parte que faz refer\u00eancia a Rincon. Nesse momento, ela simplesmente pulou a men\u00e7\u00e3o e seguiu com a can\u00e7\u00e3o, sem interromper o show ou fazer qualquer coment\u00e1rio sobre a mudan\u00e7a.<\/p>\n<p>A atitude foi suficiente para despertar a curiosidade do p\u00fablico. Nas redes sociais, v\u00eddeos do momento come\u00e7aram a circular e diversos internautas passaram a questionar se a escolha teria alguma rela\u00e7\u00e3o com a pol\u00eamica recente.<\/p>\n<p>Apesar das interpreta\u00e7\u00f5es, Ana Castela n\u00e3o confirmou que tenha retirado o trecho por causa do epis\u00f3dio envolvendo Rincon. A cantora tamb\u00e9m n\u00e3o explicou publicamente o motivo da altera\u00e7\u00e3o durante a apresenta\u00e7\u00e3o.<\/p>\n<p>A situa\u00e7\u00e3o ganhou repercuss\u00e3o justamente pelo contexto. A m\u00fasica faz parte do repert\u00f3rio conhecido da artista e a refer\u00eancia ao influenciador normalmente integra a letra apresentada nos shows.<\/p>\n<p>Por isso, para os f\u00e3s que j\u00e1 conhecem a can\u00e7\u00e3o, a mudan\u00e7a acabou sendo facilmente identificada. O que poderia ser apenas uma adapta\u00e7\u00e3o moment\u00e2nea passou a ser analisado diante dos acontecimentos recentes.<\/p>\n<p>A pol\u00eamica em Barretos colocou Ana e Rincon novamente no centro das aten\u00e7\u00f5es. Desde ent\u00e3o, qualquer intera\u00e7\u00e3o, coment\u00e1rio ou men\u00e7\u00e3o envolvendo os dois passou a ser acompanhada de perto pelos internautas.<\/p>\n<p>Nas redes sociais, as rea\u00e7\u00f5es foram variadas. Enquanto alguns usu\u00e1rios entenderam a mudan\u00e7a como uma poss\u00edvel resposta ao epis\u00f3dio, outros destacaram que n\u00e3o h\u00e1 confirma\u00e7\u00e3o de que essa tenha sido a inten\u00e7\u00e3o da cantora.<\/p>\n<p>Ana, por sua vez, preferiu n\u00e3o transformar o momento em um pronunciamento. Depois de deixar de cantar o trecho, ela continuou normalmente com o repert\u00f3rio e manteve a energia da apresenta\u00e7\u00e3o.<\/p>\n<p>A cantora segue com uma agenda movimentada de shows pelo pa\u00eds e tem levado seus principais sucessos para diferentes cidades. A apresenta\u00e7\u00e3o em Rond\u00f4nia aconteceu dentro dessa rotina de compromissos musicais.<\/p>\n<p>A escolha de n\u00e3o cantar determinada parte da m\u00fasica, entretanto, acabou se tornando um dos assuntos mais comentados sobre o show. O epis\u00f3dio mostra como detalhes de uma apresenta\u00e7\u00e3o podem ganhar propor\u00e7\u00f5es maiores quando acontecem em meio a uma pol\u00eamica.<\/p>\n<p>O nome de C\u00e9sar Rincon j\u00e1 vinha sendo associado \u00e0s discuss\u00f5es envolvendo Ana Castela ap\u00f3s os acontecimentos em Barretos. A nova situa\u00e7\u00e3o apenas aumentou a curiosidade dos f\u00e3s sobre uma poss\u00edvel rela\u00e7\u00e3o entre os epis\u00f3dios.<\/p>\n<p>At\u00e9 o momento, por\u00e9m, n\u00e3o h\u00e1 confirma\u00e7\u00e3o por parte da cantora de que tenha feito a mudan\u00e7a como forma de manifesta\u00e7\u00e3o. O que se sabe \u00e9 que ela deixou de mencionar o nome do influenciador e continuou cantando normalmente.<\/p>\n<p>A apresenta\u00e7\u00e3o em Pimenta Bueno n\u00e3o foi interrompida e seguiu conforme o planejado. Ana cantou outras m\u00fasicas e encerrou o compromisso sem comentar o epis\u00f3dio diante do p\u00fablico.<\/p>\n<p>A repercuss\u00e3o ficou principalmente por conta das redes sociais. Os v\u00eddeos compartilhados pelos f\u00e3s deram origem a diferentes interpreta\u00e7\u00f5es e reacenderam o debate em torno da pol\u00eamica.<\/p>\n<p>Enquanto os internautas discutem o significado da atitude, Ana Castela ainda n\u00e3o se pronunciou especificamente sobre a decis\u00e3o de retirar o nome de Rincon daquele momento da apresenta\u00e7\u00e3o.<\/p>\n<p>Assim, o epis\u00f3dio permanece cercado de especula\u00e7\u00f5es. Sem uma explica\u00e7\u00e3o oficial, a altera\u00e7\u00e3o no trecho de \u201cN\u00e3o \u00e9 Pressa, \u00e9 Press\u00e3o\u201d continua sendo interpretada pelos f\u00e3s \u00e0 luz dos acontecimentos recentes.<\/p>\n<p>O fato concreto \u00e9 que, diante do p\u00fablico de Rond\u00f4nia, Ana preferiu seguir a m\u00fasica sem cantar a refer\u00eancia a C\u00e9sar Rincon. A escolha foi suficiente para transformar um detalhe de poucos segundos em um dos momentos mais comentados da apresenta\u00e7\u00e3o.<\/p>\n<p><\/p>\n","protected":false},"excerpt":{"rendered":"<p>Ana Castela protagonizou um momento que rapidamente chamou a aten\u00e7\u00e3o dos f\u00e3s durante um show realizado em Pimenta Bueno, em Rond\u00f4nia, na madrugada desta quinta-feira (3\/9). Ao apresentar \u201cN\u00e3o \u00e9 Pressa, \u00e9 Press\u00e3o\u201d, a cantora optou por n\u00e3o cantar o trecho em que o nome de C\u00e9sar Rincon aparece. A altera\u00e7\u00e3o foi percebida por quem [\u2026]<\/p>\n","protected":false},"author":2,"featured_media":5243,"comment_status":"closed","ping_status":"open","sticky":false,"template":"","format":"standard","meta":{"footnotes":""},"categories":[32],"tags":[],"class_list":["post-5244","post","type-post","status-publish","format-standard","has-post-thumbnail","hentry","category-famosos"],"featured_image_urls":{"full":["https:\/\/famatv.com.br\/wp-content\/uploads\/2026\/09\/WhatsApp-Image-2026-09-03-at-14.51.52-1.jpeg",1200,900,false],"thumbnail":["https:\/\/famatv.com.br\/wp-content\/uploads\/2026\/09\/WhatsApp-Image-2026-09-03-at-14.51.52-1-150x150.jpeg",150,150,true],"medium":["https:\/\/famatv.com.br\/wp-content\/uploads\/2026\/09\/WhatsApp-Image-2026-09-03-at-14.51.52-1-300x225.jpeg",300,225,true],"medium_large":["https:\/\/famatv.com.br\/wp-content\/uploads\/2026\/09\/WhatsApp-Image-2026-09-03-at-14.51.52-1-768x576.jpeg",640,480,true],"large":["https:\/\/famatv.com.br\/wp-content\/uploads\/2026\/09\/WhatsApp-Image-2026-09-03-at-14.51.52-1-1024x768.jpeg",640,480,true],"1536x1536":["https:\/\/famatv.com.br\/wp-content\/uploads\/2026\/09\/WhatsApp-Image-2026-09-03-at-14.51.52-1.jpeg",1200,900,false],"2048x2048":["https:\/\/famatv.com.br\/wp-content\/uploads\/2026\/09\/WhatsApp-Image-2026-09-03-at-14.51.52-1.jpeg",1200,900,false]},"author_info":{"info":["assessoriadefamosos"]},"category_info":"<a href=\"https:\/\/famatv.com.br\/index.php\/category\/famosos\/\" rel=\"category tag\">Famosos<\/a>","tag_info":"Famosos","comment_count":"0","_links":{"self":[{"href":"https:\/\/famatv.com.br\/index.php\/wp-json\/wp\/v2\/posts\/5244","targetHints":{"allow":["GET"]}}],"collection":[{"href":"https:\/\/famatv.com.br\/index.php\/wp-json\/wp\/v2\/posts"}],"about":[{"href":"https:\/\/famatv.com.br\/index.php\/wp-json\/wp\/v2\/types\/post"}],"author":[{"embeddable":true,"href":"https:\/\/famatv.com.br\/index.php\/wp-json\/wp\/v2\/users\/2"}],"replies":[{"embeddable":true,"href":"https:\/\/famatv.com.br\/index.php\/wp-json\/wp\/v2\/comments?post=5244"}],"version-history":[{"count":1,"href":"https:\/\/famatv.com.br\/index.php\/wp-json\/wp\/v2\/posts\/5244\/revisions"}],"predecessor-version":[{"id":5245,"href":"https:\/\/famatv.com.br\/index.php\/wp-json\/wp\/v2\/posts\/5244\/revisions\/5245"}],"wp:featuredmedia":[{"embeddable":true,"href":"https:\/\/famatv.com.br\/index.php\/wp-json\/wp\/v2\/media\/5243"}],"wp:attachment":[{"href":"https:\/\/famatv.com.br\/index.php\/wp-json\/wp\/v2\/media?parent=5244"}],"wp:term":[{"taxonomy":"category","embeddable":true,"href":"https:\/\/famatv.com.br\/index.php\/wp-json\/wp\/v2\/categories?post=5244"},{"taxonomy":"post_tag","embeddable":true,"href":"https:\/\/famatv.com.br\/index.php\/wp-json\/wp\/v2\/tags?post=5244"}],"curies":[{"name":"wp","href":"https:\/\/api.w.org\/{rel}","templated":true}]}}