{"id":5247,"date":"2026-09-04T21:31:37","date_gmt":"2026-09-04T21:31:37","guid":{"rendered":"https:\/\/famatv.com.br\/?p=5247"},"modified":"2026-09-04T21:31:37","modified_gmt":"2026-09-04T21:31:37","slug":"fernanda-paes-leme-revela-conflito-entre-maternidade-e-identidade-pessoal-saudade-de-quem-eu-era","status":"publish","type":"post","link":"https:\/\/famatv.com.br\/index.php\/2026\/09\/04\/fernanda-paes-leme-revela-conflito-entre-maternidade-e-identidade-pessoal-saudade-de-quem-eu-era\/","title":{"rendered":"Fernanda Paes Leme revela conflito entre maternidade e identidade pessoal: \u201cSaudade de quem eu era\u201d"},"content":{"rendered":"<p>Fernanda Paes Leme compartilhou uma reflex\u00e3o sincera sobre a maternidade e as mudan\u00e7as que surgiram desde o nascimento de Pilar. Em participa\u00e7\u00e3o no programa \u201cNa Palma da Mari \u2013 Entre Mulheres\u201d, comandado por Mari Palma, a atriz falou sobre culpa, cobran\u00e7as e a dificuldade de se reconhecer depois de assumir uma nova rotina.<\/p>\n<p>Durante a conversa, Fernanda contou que a chegada da filha provocou uma transforma\u00e7\u00e3o que foi al\u00e9m dos cuidados com o beb\u00ea. A maternidade tamb\u00e9m fez com que ela repensasse sua pr\u00f3pria identidade e percebesse o quanto alguns h\u00e1bitos e caracter\u00edsticas de sua vida anterior haviam ficado em segundo plano.<\/p>\n<p>A atriz explicou que precisou passar por um processo de adapta\u00e7\u00e3o para entender essa nova vers\u00e3o de si mesma. Com Pilar como prioridade, compromissos pessoais e profissionais passaram a ser reorganizados, enquanto ela tentava encontrar novamente espa\u00e7o para suas pr\u00f3prias necessidades.<\/p>\n<p>Um dos pontos abordados por Fernanda foi a chamada culpa materna. Segundo o relato, a cobran\u00e7a pode aparecer quando a mulher sente que n\u00e3o consegue dedicar tempo suficiente ao filho, ao trabalho ou at\u00e9 mesmo a si pr\u00f3pria.<\/p>\n<p>A atriz tamb\u00e9m reconheceu que sente falta de determinados aspectos de sua vida antes da maternidade. A saudade, entretanto, n\u00e3o est\u00e1 relacionada ao amor que sente pela filha, mas \u00e0 percep\u00e7\u00e3o de que uma parte de sua identidade acabou sendo transformada pela nova realidade.<\/p>\n<p>Esse sentimento levou Fernanda a refletir sobre a necessidade de n\u00e3o deixar que a maternidade seja a \u00fanica defini\u00e7\u00e3o de uma mulher. Para ela, continuar cultivando interesses, rela\u00e7\u00f5es e projetos pessoais tamb\u00e9m pode fazer parte da experi\u00eancia de ser m\u00e3e.<\/p>\n<p>Pilar passou a ocupar um papel central na rotina da atriz desde seu nascimento. Ao mesmo tempo, Fernanda precisou encontrar maneiras de conciliar os cuidados com a filha com sua carreira e outros compromissos.<\/p>\n<p>A mudan\u00e7a de rotina trouxe desafios especialmente para algu\u00e9m acostumada a uma vida profissional movimentada. Agora, cada decis\u00e3o precisa considerar tamb\u00e9m as necessidades da filha, o que alterou a forma como a atriz organiza o pr\u00f3prio tempo.<\/p>\n<p>Durante o depoimento, Fernanda mostrou que n\u00e3o considera necess\u00e1rio esconder os sentimentos dif\u00edceis que aparecem ao longo desse processo. Para ela, admitir inseguran\u00e7as e momentos de cansa\u00e7o pode ser uma forma de tornar a conversa sobre maternidade mais realista.<\/p>\n<p>A atriz tamb\u00e9m destacou a import\u00e2ncia de reconhecer a mulher que existia antes da chegada dos filhos. Segundo essa perspectiva, a maternidade acrescenta uma nova dimens\u00e3o \u00e0 identidade, mas n\u00e3o deveria apagar tudo aquilo que veio antes.<\/p>\n<p>A reflex\u00e3o feita por Fernanda tamb\u00e9m dialoga com uma realidade enfrentada por muitas m\u00e3es. \u00c9 poss\u00edvel sentir felicidade pela chegada de um filho e, simultaneamente, experimentar saudade da liberdade, dos h\u00e1bitos e da rotina que existiam anteriormente.<\/p>\n<p>Ao falar sobre o assunto, a atriz exp\u00f4s justamente essa contradi\u00e7\u00e3o. A maternidade pode ser profundamente transformadora e, ao mesmo tempo, trazer sentimentos que nem sempre s\u00e3o f\u00e1ceis de admitir.<\/p>\n<p>Fernanda vem aprendendo a equilibrar essas diferentes partes de sua vida. Entre os cuidados com Pilar, os compromissos profissionais e a necessidade de preservar momentos pessoais, ela busca construir uma rotina que contemple todas essas vers\u00f5es.<\/p>\n<p>O relato tamb\u00e9m refor\u00e7a a import\u00e2ncia de combater a ideia de que uma m\u00e3e precisa estar dispon\u00edvel o tempo inteiro. Ter momentos pr\u00f3prios, manter rela\u00e7\u00f5es e continuar desenvolvendo projetos pessoais n\u00e3o diminui o v\u00ednculo com os filhos.<\/p>\n<p>Para Fernanda, reconhecer a pr\u00f3pria identidade novamente parece fazer parte de um processo gradual. Em vez de tentar recuperar exatamente a pessoa que era antes, ela busca entender quem se tornou depois da maternidade.<\/p>\n<p>A experi\u00eancia com Pilar trouxe mudan\u00e7as profundas, mas tamb\u00e9m novas descobertas. A atriz agora encara o desafio de conciliar o amor e as responsabilidades da maternidade com o desejo de continuar sendo Fernanda para al\u00e9m desse papel.<\/p>\n<p>Ao admitir que sente \u201csaudade de quem eu era\u201d, Fernanda Paes Leme transformou uma experi\u00eancia pessoal em uma reflex\u00e3o sobre as expectativas colocadas sobre as m\u00e3es. O desabafo mostrou que amar um filho e sentir falta de uma antiga vers\u00e3o de si mesma podem coexistir.<\/p>\n<p><\/p>\n","protected":false},"excerpt":{"rendered":"<p>Fernanda Paes Leme compartilhou uma reflex\u00e3o sincera sobre a maternidade e as mudan\u00e7as que surgiram desde o nascimento de Pilar. Em participa\u00e7\u00e3o no programa \u201cNa Palma da Mari \u2013 Entre Mulheres\u201d, comandado por Mari Palma, a atriz falou sobre culpa, cobran\u00e7as e a dificuldade de se reconhecer depois de assumir uma nova rotina. Durante a [\u2026]<\/p>\n","protected":false},"author":2,"featured_media":5246,"comment_status":"closed","ping_status":"open","sticky":false,"template":"","format":"standard","meta":{"footnotes":""},"categories":[32],"tags":[],"class_list":["post-5247","post","type-post","status-publish","format-standard","has-post-thumbnail","hentry","category-famosos"],"featured_image_urls":{"full":["https:\/\/famatv.com.br\/wp-content\/uploads\/2026\/09\/fernanda-paes-leme-e-pilar-capa.png",1200,900,false],"thumbnail":["https:\/\/famatv.com.br\/wp-content\/uploads\/2026\/09\/fernanda-paes-leme-e-pilar-capa-150x150.png",150,150,true],"medium":["https:\/\/famatv.com.br\/wp-content\/uploads\/2026\/09\/fernanda-paes-leme-e-pilar-capa-300x225.png",300,225,true],"medium_large":["https:\/\/famatv.com.br\/wp-content\/uploads\/2026\/09\/fernanda-paes-leme-e-pilar-capa-768x576.png",640,480,true],"large":["https:\/\/famatv.com.br\/wp-content\/uploads\/2026\/09\/fernanda-paes-leme-e-pilar-capa-1024x768.png",640,480,true],"1536x1536":["https:\/\/famatv.com.br\/wp-content\/uploads\/2026\/09\/fernanda-paes-leme-e-pilar-capa.png",1200,900,false],"2048x2048":["https:\/\/famatv.com.br\/wp-content\/uploads\/2026\/09\/fernanda-paes-leme-e-pilar-capa.png",1200,900,false]},"author_info":{"info":["assessoriadefamosos"]},"category_info":"<a href=\"https:\/\/famatv.com.br\/index.php\/category\/famosos\/\" rel=\"category tag\">Famosos<\/a>","tag_info":"Famosos","comment_count":"0","_links":{"self":[{"href":"https:\/\/famatv.com.br\/index.php\/wp-json\/wp\/v2\/posts\/5247","targetHints":{"allow":["GET"]}}],"collection":[{"href":"https:\/\/famatv.com.br\/index.php\/wp-json\/wp\/v2\/posts"}],"about":[{"href":"https:\/\/famatv.com.br\/index.php\/wp-json\/wp\/v2\/types\/post"}],"author":[{"embeddable":true,"href":"https:\/\/famatv.com.br\/index.php\/wp-json\/wp\/v2\/users\/2"}],"replies":[{"embeddable":true,"href":"https:\/\/famatv.com.br\/index.php\/wp-json\/wp\/v2\/comments?post=5247"}],"version-history":[{"count":1,"href":"https:\/\/famatv.com.br\/index.php\/wp-json\/wp\/v2\/posts\/5247\/revisions"}],"predecessor-version":[{"id":5248,"href":"https:\/\/famatv.com.br\/index.php\/wp-json\/wp\/v2\/posts\/5247\/revisions\/5248"}],"wp:featuredmedia":[{"embeddable":true,"href":"https:\/\/famatv.com.br\/index.php\/wp-json\/wp\/v2\/media\/5246"}],"wp:attachment":[{"href":"https:\/\/famatv.com.br\/index.php\/wp-json\/wp\/v2\/media?parent=5247"}],"wp:term":[{"taxonomy":"category","embeddable":true,"href":"https:\/\/famatv.com.br\/index.php\/wp-json\/wp\/v2\/categories?post=5247"},{"taxonomy":"post_tag","embeddable":true,"href":"https:\/\/famatv.com.br\/index.php\/wp-json\/wp\/v2\/tags?post=5247"}],"curies":[{"name":"wp","href":"https:\/\/api.w.org\/{rel}","templated":true}]}}