{"id":5250,"date":"2026-09-05T18:31:06","date_gmt":"2026-09-05T18:31:06","guid":{"rendered":"https:\/\/famatv.com.br\/?p=5250"},"modified":"2026-09-05T18:31:06","modified_gmt":"2026-09-05T18:31:06","slug":"isis-valverde-se-declara-para-marcus-buaiz-e-revela-significado-especial-da-relacao","status":"publish","type":"post","link":"https:\/\/famatv.com.br\/index.php\/2026\/09\/05\/isis-valverde-se-declara-para-marcus-buaiz-e-revela-significado-especial-da-relacao\/","title":{"rendered":"Isis Valverde se declara para Marcus Buaiz e revela significado especial da rela\u00e7\u00e3o"},"content":{"rendered":"<p>Isis Valverde usou as redes sociais nesta quinta-feira (3\/9) para compartilhar uma sequ\u00eancia de momentos especiais ao lado de Marcus Buaiz. Em clima rom\u00e2ntico, a atriz reuniu registros do casal e aproveitou a publica\u00e7\u00e3o para fazer uma declara\u00e7\u00e3o ao marido.<\/p>\n<p>Entre as imagens, Isis e Marcus aparecem pr\u00f3ximos, trocando olhares e caminhando de m\u00e3os dadas. Os registros, mais intimistas, mostram a sintonia entre os dois e deram um tom especial \u00e0 homenagem feita pela atriz.<\/p>\n<p>Na legenda, Isis foi direta ao definir o significado do empres\u00e1rio em sua vida. \u201cMeu lugar seguro\u201d, escreveu ela, resumindo em poucas palavras o carinho e a confian\u00e7a que sente pelo companheiro.<\/p>\n<p>A publica\u00e7\u00e3o rapidamente chamou a aten\u00e7\u00e3o dos seguidores. A escolha de compartilhar momentos espont\u00e2neos, em vez de apenas fotos produzidas, refor\u00e7ou a ideia de intimidade e cumplicidade entre o casal.<\/p>\n<p>Isis e Marcus assumiram o relacionamento publicamente ap\u00f3s a aproxima\u00e7\u00e3o dos dois ganhar espa\u00e7o na m\u00eddia. Desde ent\u00e3o, passaram a dividir momentos importantes da vida pessoal e tamb\u00e9m projetos para o futuro.<\/p>\n<p>O empres\u00e1rio, que j\u00e1 foi casado com Wanessa Camargo, construiu sua trajet\u00f3ria profissional no mundo dos neg\u00f3cios. Isis, por outro lado, possui uma carreira consolidada como atriz e mant\u00e9m uma presen\u00e7a constante no universo art\u00edstico.<\/p>\n<p>Mesmo com a exposi\u00e7\u00e3o p\u00fablica, os dois costumam preservar parte da rotina longe das c\u00e2meras. Por isso, registros mais pessoais publicados por Isis acabam despertando a curiosidade dos f\u00e3s.<\/p>\n<p>A declara\u00e7\u00e3o feita pela atriz tamb\u00e9m demonstra o momento de proximidade vivido pelo casal. Ao usar a express\u00e3o \u201clugar seguro\u201d, ela destacou principalmente a sensa\u00e7\u00e3o de acolhimento que associa \u00e0 rela\u00e7\u00e3o.<\/p>\n<p>A vida a dois tamb\u00e9m inclui planos familiares. Isis j\u00e1 falou sobre a possibilidade de aumentar a fam\u00edlia ao lado de Marcus, mostrando que o relacionamento envolve expectativas para os pr\u00f3ximos anos.<\/p>\n<p>Os registros publicados nesta quinta-feira, portanto, foram al\u00e9m de uma simples sess\u00e3o de fotos. A atriz aproveitou a oportunidade para celebrar a parceria e mostrar aos seguidores um pouco da conex\u00e3o que mant\u00e9m com o marido.<\/p>\n<p>O ensaio tamb\u00e9m chamou aten\u00e7\u00e3o pela simplicidade. Sem grandes produ\u00e7\u00f5es ou cen\u00e1rios extravagantes, as fotografias apostaram em gestos cotidianos, como andar de m\u00e3os dadas e trocar olhares.<\/p>\n<p>Para os seguidores, a publica\u00e7\u00e3o acabou funcionando como uma demonstra\u00e7\u00e3o p\u00fablica de afeto. Nos coment\u00e1rios, o casal recebeu mensagens de carinho e elogios pela sintonia.<\/p>\n<p>Isis, que costuma compartilhar diferentes momentos de sua vida profissional, tamb\u00e9m encontra espa\u00e7o para mostrar ocasi\u00f5es pessoais. Desta vez, o foco esteve totalmente na rela\u00e7\u00e3o com Marcus.<\/p>\n<p>A mensagem deixada pela atriz sintetizou o sentimento que quis transmitir. Em meio \u00e0 rotina de compromissos, viagens e trabalhos, ela destacou a import\u00e2ncia de ter ao lado algu\u00e9m que considera uma refer\u00eancia de seguran\u00e7a e companheirismo.<\/p>\n<p>A rela\u00e7\u00e3o dos dois segue sendo acompanhada pelos f\u00e3s, especialmente pelos momentos em que aparecem juntos em eventos e ocasi\u00f5es especiais.<\/p>\n<p>Com fotos rom\u00e2nticas e uma declara\u00e7\u00e3o breve, Isis Valverde mostrou que Marcus Buaiz ocupa um espa\u00e7o importante em sua vida. A homenagem refor\u00e7ou a cumplicidade do casal e revelou, de forma simples, o significado que a rela\u00e7\u00e3o tem para a atriz.<\/p>\n<p><\/p>\n","protected":false},"excerpt":{"rendered":"<p>Isis Valverde usou as redes sociais nesta quinta-feira (3\/9) para compartilhar uma sequ\u00eancia de momentos especiais ao lado de Marcus Buaiz. Em clima rom\u00e2ntico, a atriz reuniu registros do casal e aproveitou a publica\u00e7\u00e3o para fazer uma declara\u00e7\u00e3o ao marido. Entre as imagens, Isis e Marcus aparecem pr\u00f3ximos, trocando olhares e caminhando de m\u00e3os dadas. [\u2026]<\/p>\n","protected":false},"author":2,"featured_media":5249,"comment_status":"closed","ping_status":"open","sticky":false,"template":"","format":"standard","meta":{"footnotes":""},"categories":[32],"tags":[],"class_list":["post-5250","post","type-post","status-publish","format-standard","has-post-thumbnail","hentry","category-famosos"],"featured_image_urls":{"full":["https:\/\/famatv.com.br\/wp-content\/uploads\/2026\/09\/Design-sem-nome-2026-09-03T193959.647.png",1200,900,false],"thumbnail":["https:\/\/famatv.com.br\/wp-content\/uploads\/2026\/09\/Design-sem-nome-2026-09-03T193959.647-150x150.png",150,150,true],"medium":["https:\/\/famatv.com.br\/wp-content\/uploads\/2026\/09\/Design-sem-nome-2026-09-03T193959.647-300x225.png",300,225,true],"medium_large":["https:\/\/famatv.com.br\/wp-content\/uploads\/2026\/09\/Design-sem-nome-2026-09-03T193959.647-768x576.png",640,480,true],"large":["https:\/\/famatv.com.br\/wp-content\/uploads\/2026\/09\/Design-sem-nome-2026-09-03T193959.647-1024x768.png",640,480,true],"1536x1536":["https:\/\/famatv.com.br\/wp-content\/uploads\/2026\/09\/Design-sem-nome-2026-09-03T193959.647.png",1200,900,false],"2048x2048":["https:\/\/famatv.com.br\/wp-content\/uploads\/2026\/09\/Design-sem-nome-2026-09-03T193959.647.png",1200,900,false]},"author_info":{"info":["assessoriadefamosos"]},"category_info":"<a href=\"https:\/\/famatv.com.br\/index.php\/category\/famosos\/\" rel=\"category tag\">Famosos<\/a>","tag_info":"Famosos","comment_count":"0","_links":{"self":[{"href":"https:\/\/famatv.com.br\/index.php\/wp-json\/wp\/v2\/posts\/5250","targetHints":{"allow":["GET"]}}],"collection":[{"href":"https:\/\/famatv.com.br\/index.php\/wp-json\/wp\/v2\/posts"}],"about":[{"href":"https:\/\/famatv.com.br\/index.php\/wp-json\/wp\/v2\/types\/post"}],"author":[{"embeddable":true,"href":"https:\/\/famatv.com.br\/index.php\/wp-json\/wp\/v2\/users\/2"}],"replies":[{"embeddable":true,"href":"https:\/\/famatv.com.br\/index.php\/wp-json\/wp\/v2\/comments?post=5250"}],"version-history":[{"count":1,"href":"https:\/\/famatv.com.br\/index.php\/wp-json\/wp\/v2\/posts\/5250\/revisions"}],"predecessor-version":[{"id":5251,"href":"https:\/\/famatv.com.br\/index.php\/wp-json\/wp\/v2\/posts\/5250\/revisions\/5251"}],"wp:featuredmedia":[{"embeddable":true,"href":"https:\/\/famatv.com.br\/index.php\/wp-json\/wp\/v2\/media\/5249"}],"wp:attachment":[{"href":"https:\/\/famatv.com.br\/index.php\/wp-json\/wp\/v2\/media?parent=5250"}],"wp:term":[{"taxonomy":"category","embeddable":true,"href":"https:\/\/famatv.com.br\/index.php\/wp-json\/wp\/v2\/categories?post=5250"},{"taxonomy":"post_tag","embeddable":true,"href":"https:\/\/famatv.com.br\/index.php\/wp-json\/wp\/v2\/tags?post=5250"}],"curies":[{"name":"wp","href":"https:\/\/api.w.org\/{rel}","templated":true}]}}