{"id":5253,"date":"2026-09-05T18:36:32","date_gmt":"2026-09-05T18:36:32","guid":{"rendered":"https:\/\/famatv.com.br\/?p=5253"},"modified":"2026-09-05T18:36:32","modified_gmt":"2026-09-05T18:36:32","slug":"mesmo-apos-polemica-anna-carolina-morais-nao-descarta-recomeco-com-giovani","status":"publish","type":"post","link":"https:\/\/famatv.com.br\/index.php\/2026\/09\/05\/mesmo-apos-polemica-anna-carolina-morais-nao-descarta-recomeco-com-giovani\/","title":{"rendered":"Mesmo ap\u00f3s pol\u00eamica, Anna Carolina Morais n\u00e3o descarta recome\u00e7o com Giovani"},"content":{"rendered":"<p>A hist\u00f3ria de Giovani e Anna Carolina Morais pode ainda ter novos cap\u00edtulos. Ap\u00f3s a crise que culminou na separa\u00e7\u00e3o do casal, a ex-companheira do cantor n\u00e3o teria fechado completamente as portas para uma poss\u00edvel reconcilia\u00e7\u00e3o.<\/p>\n<p>A informa\u00e7\u00e3o foi revelada pela jornalista Janaina Nunes, do portal LeoDias. De acordo com a apura\u00e7\u00e3o, Anna Carolina estaria aberta \u00e0 ideia de retomar o relacionamento, apesar dos acontecimentos recentes que colocaram o casamento no centro das aten\u00e7\u00f5es.<\/p>\n<p>A rela\u00e7\u00e3o dos dois entrou em uma fase delicada depois que Giovani apareceu publicamente ao lado de outra mulher durante a comemora\u00e7\u00e3o de seu anivers\u00e1rio. Anna Carolina afirmou que ficou surpresa com a situa\u00e7\u00e3o e alegou que o casamento ainda n\u00e3o havia sido encerrado oficialmente naquele momento.<\/p>\n<p>A partir da\u00ed, detalhes da crise come\u00e7aram a ser expostos. Anna Carolina falou sobre o fim da uni\u00e3o e apresentou sua vers\u00e3o sobre o que teria acontecido entre ela e o sertanejo.<\/p>\n<p>O epis\u00f3dio ganhou ainda mais repercuss\u00e3o por envolver um relacionamento de mais de duas d\u00e9cadas. Durante esse per\u00edodo, os dois compartilharam diferentes fases da vida e constru\u00edram uma hist\u00f3ria que agora passa por um momento de incerteza.<\/p>\n<p>Apesar das m\u00e1goas, a possibilidade de reconcilia\u00e7\u00e3o indica que Anna Carolina ainda considera preservar parte do v\u00ednculo constru\u00eddo durante tantos anos. Uma eventual volta, por\u00e9m, dependeria da resolu\u00e7\u00e3o dos problemas que provocaram o afastamento.<\/p>\n<p>Entre os pontos que vieram \u00e0 tona est\u00e3o acusa\u00e7\u00f5es relacionadas a uma suposta trai\u00e7\u00e3o e relatos de comportamento controlador atribu\u00eddos ao cantor. As quest\u00f5es aumentaram a tens\u00e3o entre os dois e passaram a fazer parte da repercuss\u00e3o p\u00fablica da separa\u00e7\u00e3o.<\/p>\n<p>At\u00e9 o momento, n\u00e3o existe confirma\u00e7\u00e3o de que Giovani e Anna Carolina tenham reatado. A informa\u00e7\u00e3o \u00e9 de que ela estaria disposta a avaliar essa possibilidade, e n\u00e3o de que uma reconcilia\u00e7\u00e3o j\u00e1 tenha acontecido.<\/p>\n<p>O cen\u00e1rio atual representa uma mudan\u00e7a significativa para o casal. Depois de tantos anos juntos, o relacionamento passou de uma vida mais reservada para uma situa\u00e7\u00e3o acompanhada de perto pelo p\u00fablico.<\/p>\n<p>Uma poss\u00edvel retomada tamb\u00e9m exigiria que os dois reconstru\u00edssem a confian\u00e7a. As acusa\u00e7\u00f5es feitas durante a crise e a forma como o t\u00e9rmino veio a p\u00fablico s\u00e3o obst\u00e1culos que precisariam ser enfrentados antes de qualquer decis\u00e3o definitiva.<\/p>\n<p>Anna Carolina j\u00e1 demonstrou que o fim da rela\u00e7\u00e3o n\u00e3o aconteceu da maneira que esperava. Mesmo assim, a disposi\u00e7\u00e3o para considerar uma nova oportunidade mostra que os sentimentos e a hist\u00f3ria compartilhada ainda podem ter peso em suas escolhas.<\/p>\n<p>Giovani, enquanto isso, continua com os compromissos ligados \u00e0 carreira musical. A vida pessoal do cantor, entretanto, permanece em evid\u00eancia desde que sua separa\u00e7\u00e3o veio a p\u00fablico.<\/p>\n<p>A longa dura\u00e7\u00e3o do relacionamento \u00e9 um dos fatores que tornam a situa\u00e7\u00e3o mais complexa. Afinal, depois de mais de 20 anos de conviv\u00eancia, uma eventual decis\u00e3o de recome\u00e7ar envolve n\u00e3o apenas sentimentos, mas tamb\u00e9m a necessidade de superar acontecimentos recentes.<\/p>\n<p>Por enquanto, o futuro dos dois permanece indefinido. N\u00e3o h\u00e1 indica\u00e7\u00e3o de que uma volta esteja acertada, apenas a possibilidade de que Anna Carolina ainda esteja disposta a conversar sobre uma reconcilia\u00e7\u00e3o.<\/p>\n<p>Caso isso aconte\u00e7a, o casal ter\u00e1 pela frente o desafio de reconstruir a rela\u00e7\u00e3o em meio \u00e0 repercuss\u00e3o p\u00fablica e \u00e0s quest\u00f5es que levaram \u00e0 separa\u00e7\u00e3o.<\/p>\n<p>Assim, o fim do casamento, que parecia caminhar para uma decis\u00e3o definitiva, ganhou uma nova possibilidade. Anna Carolina ainda n\u00e3o teria descartado completamente Giovani, deixando em aberto a chance de um recome\u00e7o entre os dois.<\/p>\n<p><\/p>\n","protected":false},"excerpt":{"rendered":"<p>A hist\u00f3ria de Giovani e Anna Carolina Morais pode ainda ter novos cap\u00edtulos. Ap\u00f3s a crise que culminou na separa\u00e7\u00e3o do casal, a ex-companheira do cantor n\u00e3o teria fechado completamente as portas para uma poss\u00edvel reconcilia\u00e7\u00e3o. A informa\u00e7\u00e3o foi revelada pela jornalista Janaina Nunes, do portal LeoDias. De acordo com a apura\u00e7\u00e3o, Anna Carolina estaria [\u2026]<\/p>\n","protected":false},"author":2,"featured_media":5252,"comment_status":"closed","ping_status":"open","sticky":false,"template":"","format":"standard","meta":{"footnotes":""},"categories":[32],"tags":[],"class_list":["post-5253","post","type-post","status-publish","format-standard","has-post-thumbnail","hentry","category-famosos"],"featured_image_urls":{"full":["https:\/\/famatv.com.br\/wp-content\/uploads\/2026\/09\/26ILkM6Q-Design-sem-nome-6.png",1200,900,false],"thumbnail":["https:\/\/famatv.com.br\/wp-content\/uploads\/2026\/09\/26ILkM6Q-Design-sem-nome-6-150x150.png",150,150,true],"medium":["https:\/\/famatv.com.br\/wp-content\/uploads\/2026\/09\/26ILkM6Q-Design-sem-nome-6-300x225.png",300,225,true],"medium_large":["https:\/\/famatv.com.br\/wp-content\/uploads\/2026\/09\/26ILkM6Q-Design-sem-nome-6-768x576.png",640,480,true],"large":["https:\/\/famatv.com.br\/wp-content\/uploads\/2026\/09\/26ILkM6Q-Design-sem-nome-6-1024x768.png",640,480,true],"1536x1536":["https:\/\/famatv.com.br\/wp-content\/uploads\/2026\/09\/26ILkM6Q-Design-sem-nome-6.png",1200,900,false],"2048x2048":["https:\/\/famatv.com.br\/wp-content\/uploads\/2026\/09\/26ILkM6Q-Design-sem-nome-6.png",1200,900,false]},"author_info":{"info":["assessoriadefamosos"]},"category_info":"<a href=\"https:\/\/famatv.com.br\/index.php\/category\/famosos\/\" rel=\"category tag\">Famosos<\/a>","tag_info":"Famosos","comment_count":"0","_links":{"self":[{"href":"https:\/\/famatv.com.br\/index.php\/wp-json\/wp\/v2\/posts\/5253","targetHints":{"allow":["GET"]}}],"collection":[{"href":"https:\/\/famatv.com.br\/index.php\/wp-json\/wp\/v2\/posts"}],"about":[{"href":"https:\/\/famatv.com.br\/index.php\/wp-json\/wp\/v2\/types\/post"}],"author":[{"embeddable":true,"href":"https:\/\/famatv.com.br\/index.php\/wp-json\/wp\/v2\/users\/2"}],"replies":[{"embeddable":true,"href":"https:\/\/famatv.com.br\/index.php\/wp-json\/wp\/v2\/comments?post=5253"}],"version-history":[{"count":1,"href":"https:\/\/famatv.com.br\/index.php\/wp-json\/wp\/v2\/posts\/5253\/revisions"}],"predecessor-version":[{"id":5254,"href":"https:\/\/famatv.com.br\/index.php\/wp-json\/wp\/v2\/posts\/5253\/revisions\/5254"}],"wp:featuredmedia":[{"embeddable":true,"href":"https:\/\/famatv.com.br\/index.php\/wp-json\/wp\/v2\/media\/5252"}],"wp:attachment":[{"href":"https:\/\/famatv.com.br\/index.php\/wp-json\/wp\/v2\/media?parent=5253"}],"wp:term":[{"taxonomy":"category","embeddable":true,"href":"https:\/\/famatv.com.br\/index.php\/wp-json\/wp\/v2\/categories?post=5253"},{"taxonomy":"post_tag","embeddable":true,"href":"https:\/\/famatv.com.br\/index.php\/wp-json\/wp\/v2\/tags?post=5253"}],"curies":[{"name":"wp","href":"https:\/\/api.w.org\/{rel}","templated":true}]}}