{"id":5259,"date":"2026-09-05T18:40:17","date_gmt":"2026-09-05T18:40:17","guid":{"rendered":"https:\/\/famatv.com.br\/?p=5259"},"modified":"2026-09-05T18:40:17","modified_gmt":"2026-09-05T18:40:17","slug":"mariana-fagundes-vive-susto-durante-voo-e-aeronave-faz-pouso-de-emergencia-em-goiania","status":"publish","type":"post","link":"https:\/\/famatv.com.br\/index.php\/2026\/09\/05\/mariana-fagundes-vive-susto-durante-voo-e-aeronave-faz-pouso-de-emergencia-em-goiania\/","title":{"rendered":"Mariana Fagundes vive susto durante voo e aeronave faz pouso de emerg\u00eancia em Goi\u00e2nia"},"content":{"rendered":"<p>Uma viagem que deveria ser tranquila acabou se transformando em um momento de tens\u00e3o para Mariana Fagundes. A cantora estava viajando para o Rio de Janeiro nesta quinta-feira (4\/9), quando o avi\u00e3o em que estava apresentou uma falha t\u00e9cnica e precisou alterar a rota.<\/p>\n<p>A aeronave teve um problema no gerador e foi necess\u00e1rio realizar um pouso de emerg\u00eancia em Goi\u00e2nia. A cantora tinha compromisso profissional na capital fluminense e seguia para participar de uma grava\u00e7\u00e3o do \u201cDoming\u00e3o com Huck\u201d.<\/p>\n<p>A mudan\u00e7a de trajeto aconteceu como medida de seguran\u00e7a diante da falha identificada durante o voo. Com a necessidade de interromper a viagem, o avi\u00e3o pousou em Goi\u00e2nia para que a situa\u00e7\u00e3o pudesse ser avaliada.<\/p>\n<p>Mariana estava entre os passageiros e acabou tendo a programa\u00e7\u00e3o afetada pelo imprevisto. O que seria apenas um deslocamento at\u00e9 o Rio de Janeiro ganhou um cap\u00edtulo inesperado antes da chegada ao destino.<\/p>\n<p>O pouso foi realizado com seguran\u00e7a, evitando que a aeronave continuasse o percurso enquanto apresentava o problema t\u00e9cnico. Ap\u00f3s a aterrissagem, os passageiros precisaram aguardar a defini\u00e7\u00e3o dos procedimentos necess\u00e1rios.<\/p>\n<p>A situa\u00e7\u00e3o tamb\u00e9m repercutiu entre os admiradores da cantora. Por causa da preocupa\u00e7\u00e3o provocada pelo pouso inesperado, informa\u00e7\u00f5es sobre o ocorrido passaram a chamar a aten\u00e7\u00e3o de quem acompanha a carreira da artista.<\/p>\n<p>O compromisso no Rio fazia parte da agenda profissional de Mariana. A cantora participaria das grava\u00e7\u00f5es do \u201cDoming\u00e3o com Huck\u201d, programa comandado por Luciano Huck, e precisou lidar com o contratempo justamente durante o deslocamento para o trabalho.<\/p>\n<p>Conhecida pelo repert\u00f3rio sertanejo e por m\u00fasicas como \u201cPe\u00e3o Todo Tatuado\u201d, Mariana mant\u00e9m uma rotina de viagens frequentes por conta dos shows e compromissos profissionais. Por isso, deslocamentos a\u00e9reos fazem parte do cotidiano da artista.<\/p>\n<p>Desta vez, por\u00e9m, a viagem n\u00e3o terminou como planejado. O pouso em Goi\u00e2nia interrompeu temporariamente o trajeto e obrigou a equipe da cantora a reorganizar os pr\u00f3ximos passos.<\/p>\n<p>Situa\u00e7\u00f5es envolvendo falhas t\u00e9cnicas em aeronaves exigem procedimentos espec\u00edficos e podem resultar em mudan\u00e7as de rota. A prioridade nesses casos \u00e9 garantir a seguran\u00e7a dos passageiros e da tripula\u00e7\u00e3o, mesmo que isso provoque atrasos ou altera\u00e7\u00f5es na programa\u00e7\u00e3o.<\/p>\n<p>O epis\u00f3dio ocorreu poucos dias depois de a cantora cumprir outros compromissos de sua agenda, aumentando a expectativa sobre sua chegada ao Rio e sua participa\u00e7\u00e3o no programa.<\/p>\n<p>Ainda n\u00e3o havia sido divulgado se a altera\u00e7\u00e3o no voo provocaria mudan\u00e7as no compromisso profissional de Mariana. A participa\u00e7\u00e3o na atra\u00e7\u00e3o dependia da reorganiza\u00e7\u00e3o do deslocamento ap\u00f3s o pouso em Goi\u00e2nia.<\/p>\n<p>Apesar do susto, o epis\u00f3dio n\u00e3o terminou em maiores consequ\u00eancias. O pouso aconteceu de forma segura e permitiu que os passageiros deixassem a situa\u00e7\u00e3o de risco para tr\u00e1s.<\/p>\n<p>Para Mariana, o momento serviu como uma interrup\u00e7\u00e3o inesperada em uma rotina marcada por viagens e apresenta\u00e7\u00f5es. A cantora, que costuma compartilhar detalhes da carreira com os f\u00e3s, acabou tendo mais uma experi\u00eancia para contar fora dos palcos.<\/p>\n<p>O caso tamb\u00e9m chama aten\u00e7\u00e3o para os imprevistos que podem surgir durante uma viagem a\u00e9rea. Mesmo quando existe um compromisso importante esperando no destino, uma falha t\u00e9cnica pode mudar completamente os planos.<\/p>\n<p>Agora, a expectativa fica pela retomada da viagem e pela chegada da artista ao Rio de Janeiro. O objetivo \u00e9 que Mariana consiga reorganizar a agenda e cumprir o compromisso previsto com o programa.<\/p>\n<p>A viagem que come\u00e7ou como mais um deslocamento profissional terminou marcada por um pouso de emerg\u00eancia em Goi\u00e2nia. Felizmente, a aeronave conseguiu aterrissar com seguran\u00e7a, e o principal objetivo passou a ser garantir que todos pudessem seguir viagem em condi\u00e7\u00f5es adequadas.<\/p>\n<p><\/p>\n","protected":false},"excerpt":{"rendered":"<p>Uma viagem que deveria ser tranquila acabou se transformando em um momento de tens\u00e3o para Mariana Fagundes. A cantora estava viajando para o Rio de Janeiro nesta quinta-feira (4\/9), quando o avi\u00e3o em que estava apresentou uma falha t\u00e9cnica e precisou alterar a rota. A aeronave teve um problema no gerador e foi necess\u00e1rio realizar [\u2026]<\/p>\n","protected":false},"author":2,"featured_media":5258,"comment_status":"closed","ping_status":"open","sticky":false,"template":"","format":"standard","meta":{"footnotes":""},"categories":[32],"tags":[],"class_list":["post-5259","post","type-post","status-publish","format-standard","has-post-thumbnail","hentry","category-famosos"],"featured_image_urls":{"full":["https:\/\/famatv.com.br\/wp-content\/uploads\/2026\/09\/WhatsApp-Image-2026-09-04-at-08.46.46-1.jpeg",984,616,false],"thumbnail":["https:\/\/famatv.com.br\/wp-content\/uploads\/2026\/09\/WhatsApp-Image-2026-09-04-at-08.46.46-1-150x150.jpeg",150,150,true],"medium":["https:\/\/famatv.com.br\/wp-content\/uploads\/2026\/09\/WhatsApp-Image-2026-09-04-at-08.46.46-1-300x188.jpeg",300,188,true],"medium_large":["https:\/\/famatv.com.br\/wp-content\/uploads\/2026\/09\/WhatsApp-Image-2026-09-04-at-08.46.46-1-768x481.jpeg",640,401,true],"large":["https:\/\/famatv.com.br\/wp-content\/uploads\/2026\/09\/WhatsApp-Image-2026-09-04-at-08.46.46-1.jpeg",640,401,false],"1536x1536":["https:\/\/famatv.com.br\/wp-content\/uploads\/2026\/09\/WhatsApp-Image-2026-09-04-at-08.46.46-1.jpeg",984,616,false],"2048x2048":["https:\/\/famatv.com.br\/wp-content\/uploads\/2026\/09\/WhatsApp-Image-2026-09-04-at-08.46.46-1.jpeg",984,616,false]},"author_info":{"info":["assessoriadefamosos"]},"category_info":"<a href=\"https:\/\/famatv.com.br\/index.php\/category\/famosos\/\" rel=\"category tag\">Famosos<\/a>","tag_info":"Famosos","comment_count":"0","_links":{"self":[{"href":"https:\/\/famatv.com.br\/index.php\/wp-json\/wp\/v2\/posts\/5259","targetHints":{"allow":["GET"]}}],"collection":[{"href":"https:\/\/famatv.com.br\/index.php\/wp-json\/wp\/v2\/posts"}],"about":[{"href":"https:\/\/famatv.com.br\/index.php\/wp-json\/wp\/v2\/types\/post"}],"author":[{"embeddable":true,"href":"https:\/\/famatv.com.br\/index.php\/wp-json\/wp\/v2\/users\/2"}],"replies":[{"embeddable":true,"href":"https:\/\/famatv.com.br\/index.php\/wp-json\/wp\/v2\/comments?post=5259"}],"version-history":[{"count":1,"href":"https:\/\/famatv.com.br\/index.php\/wp-json\/wp\/v2\/posts\/5259\/revisions"}],"predecessor-version":[{"id":5260,"href":"https:\/\/famatv.com.br\/index.php\/wp-json\/wp\/v2\/posts\/5259\/revisions\/5260"}],"wp:featuredmedia":[{"embeddable":true,"href":"https:\/\/famatv.com.br\/index.php\/wp-json\/wp\/v2\/media\/5258"}],"wp:attachment":[{"href":"https:\/\/famatv.com.br\/index.php\/wp-json\/wp\/v2\/media?parent=5259"}],"wp:term":[{"taxonomy":"category","embeddable":true,"href":"https:\/\/famatv.com.br\/index.php\/wp-json\/wp\/v2\/categories?post=5259"},{"taxonomy":"post_tag","embeddable":true,"href":"https:\/\/famatv.com.br\/index.php\/wp-json\/wp\/v2\/tags?post=5259"}],"curies":[{"name":"wp","href":"https:\/\/api.w.org\/{rel}","templated":true}]}}